{"id":55733,"date":"2017-04-07T23:09:23","date_gmt":"2017-04-07T21:09:23","guid":{"rendered":"http:\/\/www.tucomarca.com\/wordpress\/segunda\/?p=55733"},"modified":"2017-04-07T23:09:23","modified_gmt":"2017-04-07T21:09:23","slug":"cientos-de-agricultores-protestan-en-alcampo-para-exigir-cambios-legales-que-frenen-los-abusos-en-los-precios","status":"publish","type":"post","link":"https:\/\/www.tucomarca.com\/wordpress\/segunda\/cientos-de-agricultores-protestan-en-alcampo-para-exigir-cambios-legales-que-frenen-los-abusos-en-los-precios\/","title":{"rendered":"Cientos de agricultores protestan en Alcampo para exigir cambios legales que frenen los abusos en los precios"},"content":{"rendered":"<figure id=\"attachment_55734\" aria-describedby=\"caption-attachment-55734\" style=\"width: 300px\" class=\"wp-caption alignleft\"><a href=\"https:\/\/www.tucomarca.com\/wordpress\/segunda\/wp-content\/uploads\/2017\/04\/AVAmanifestacion.jpg\"><img loading=\"lazy\" decoding=\"async\" class=\"size-medium wp-image-55734\" src=\"https:\/\/www.tucomarca.com\/wordpress\/segunda\/wp-content\/uploads\/2017\/04\/AVAmanifestacion-300x200.jpg\" alt=\"Los agricultores, convocados por la Asociaci\u00f3n Valenciana de Agricultores (AVA-ASAJA), se concentraron a las puertas del hipermercado Alcampo-Bonaire.\" width=\"300\" height=\"200\" srcset=\"https:\/\/www.tucomarca.com\/wordpress\/segunda\/wp-content\/uploads\/2017\/04\/AVAmanifestacion-300x200.jpg 300w, https:\/\/www.tucomarca.com\/wordpress\/segunda\/wp-content\/uploads\/2017\/04\/AVAmanifestacion-768x512.jpg 768w, https:\/\/www.tucomarca.com\/wordpress\/segunda\/wp-content\/uploads\/2017\/04\/AVAmanifestacion.jpg 1000w\" sizes=\"auto, (max-width: 300px) 100vw, 300px\" \/><\/a><figcaption id=\"caption-attachment-55734\" class=\"wp-caption-text\">Los agricultores, convocados por la Asociaci\u00f3n Valenciana de Agricultores (AVA-ASAJA), se concentraron a las puertas del hipermercado Alcampo-Bonaire.<\/figcaption><\/figure>\n<p>Centenares de agricultores, convocados por la Asociaci\u00f3n Valenciana de Agricultores (AVA-ASAJA), se concentraron hoy a las puertas del hipermercado Alcampo-Bonaire para denunciar las pol\u00edticas comerciales de la gran distribuci\u00f3n que arruinan a los productores agrarios, as\u00ed como para exigir la puesta en marcha de una serie de cambios legislativos \u2013principalmente la aprobaci\u00f3n por parte de Bruselas de una ley que regule la cadena alimentaria a nivel comunitario\u2013 con el objetivo de que se ponga coto a los abusos en materia de precios en los que incurren de manera constante este tipo de empresas.<\/p>\n<p>Durante su discurso ante los agricultores concentrados el presidente de AVA-ASAJA, Crist\u00f3bal Aguado, manifest\u00f3 que \u201cnos han obligado a venir hoy aqu\u00ed porque no queremos renunciar a nuestra vida y nuestra vida es el campo cuyo futuro amenazan estas cadenas de supermercados cuando venden, como es el caso, el arroz para perros m\u00e1s caro que el que se destina al consumo humano o cuando usan las naranjas como producto reclamo vendi\u00e9ndolas a 0,39 c\u00e9ntimos el kilo. Hacer eso es chupar la sangre de los agricultores y no estamos dispuestos a consentirlo\u201d.<\/p>\n<p>Precisamente, la concentraci\u00f3n estuvo amenizada por un agricultor ataviado de vampiro y otro caracterizado como un enterrador que portaba una corona mortuoria en la que pod\u00eda leerse \u201ca los ca\u00eddos por la inmoralidad de la gran distribuci\u00f3n\u201d. Los manifestantes portaban adem\u00e1s pancartas de mano con esl\u00f3ganes tales como \u201cbasta de terrorismo comercial alimentario\u201d o \u201cconsumidor: esta empresa atenta contra los agricultores\u201d. Tambi\u00e9n se esparcieron varios cajones de c\u00edtricos a las puertas de la tienda de Alcampo del centro comercial Bonaire y un grupo de agricultores dej\u00f3 frente a las cajas del supermercado varios carros de compra llenos para expresar su malestar ante determinadas pr\u00e1cticas.<\/p>\n<p>El m\u00e1ximo responsable de esta organizaci\u00f3n agraria apel\u00f3 \u201cal sentido com\u00fan de la gran distribuci\u00f3n para que aprenda a convivir con los agricultores y convivir implica respetar a los m\u00e1s d\u00e9biles\u201d. Para ilustrar los flagrantes desequilibrios que imperan en la actual estructura del mercado agroalimentario, Aguado mencion\u00f3 situaciones tan parad\u00f3jicas, llamativas y sangrantes como que el precio que percibe un agricultor por 6 kilos de naranjas equivalga al precio de un caf\u00e9 (1,20 euros), o que el valor de 16 kilos de arroz en el campo sea el mismo que el de una cajetilla de tabaco rubio (4,5 euros).<\/p>\n<p>\u201cLas consecuencias de semejantes pr\u00e1cticas comerciales \u2013lament\u00f3 el l\u00edder de AVA-ASAJA\u2013 no nos salen gratis a los agricultores, que somos quienes pagamos un precio verdaderamente insostenible. Como muestra basta recordar que en la Comunitat Valenciana ostentamos el triste r\u00e9cord de ser l\u00edderes tanto en tierras de cultivos abandonadas como en nivel de envejecimiento de la poblaci\u00f3n agraria y es evidente que si no cambian las cosas y si la UE no legisla en esta materia los agricultores tenemos los d\u00edas contados. Pretender que trabajemos en r\u00e9gimen de esclavitud en la Europa del siglo XXI es intolerable\u201d.<\/p>\n<p>Ante los agricultores concentrados tambi\u00e9n intervino N\u00e9stor Pascual, presidente de la organizaci\u00f3n agraria de Castell\u00f3n FEPAC-ASAJA, quien asegur\u00f3 que \u201cvenimos aqu\u00ed para defender el legado que nos dejaron nuestros padres y que nosotros queremos dejar a nuestros hijos. Por eso, y porque con estos precios no se puede vivir, tenemos que estar m\u00e1s unidos que nunca\u201d.<\/p>\n","protected":false},"excerpt":{"rendered":"<div class=\"mh-excerpt\">Centenares de agricultores, convocados por la Asociaci\u00f3n Valenciana de Agricultores (AVA-ASAJA), se concentraron hoy a las puertas del hipermercado Alcampo-Bonaire para denunciar las pol\u00edticas comerciales de la gran distribuci\u00f3n que arruinan a los productores agrarios, <a class=\"mh-excerpt-more\" href=\"https:\/\/www.tucomarca.com\/wordpress\/segunda\/cientos-de-agricultores-protestan-en-alcampo-para-exigir-cambios-legales-que-frenen-los-abusos-en-los-precios\/\" title=\"Cientos de agricultores protestan en Alcampo para exigir cambios legales que frenen los abusos en los precios\">[+] <\/a><\/div>\n","protected":false},"author":1,"featured_media":55734,"comment_status":"open","ping_status":"open","sticky":false,"template":"","format":"standard","meta":{"footnotes":""},"categories":[169,8,72,10,3,45],"tags":[7623,2142],"class_list":{"0":"post-55733","1":"post","2":"type-post","3":"status-publish","4":"format-standard","5":"has-post-thumbnail","7":"category-agricultura-la-comarca","8":"category-la-comarca","9":"category-sin-categorizar","10":"category-la-hoya","11":"category-seccion","12":"category-ventana","13":"tag-ava","14":"tag-la-comunitat"},"_links":{"self":[{"href":"https:\/\/www.tucomarca.com\/wordpress\/segunda\/wp-json\/wp\/v2\/posts\/55733","targetHints":{"allow":["GET"]}}],"collection":[{"href":"https:\/\/www.tucomarca.com\/wordpress\/segunda\/wp-json\/wp\/v2\/posts"}],"about":[{"href":"https:\/\/www.tucomarca.com\/wordpress\/segunda\/wp-json\/wp\/v2\/types\/post"}],"author":[{"embeddable":true,"href":"https:\/\/www.tucomarca.com\/wordpress\/segunda\/wp-json\/wp\/v2\/users\/1"}],"replies":[{"embeddable":true,"href":"https:\/\/www.tucomarca.com\/wordpress\/segunda\/wp-json\/wp\/v2\/comments?post=55733"}],"version-history":[{"count":0,"href":"https:\/\/www.tucomarca.com\/wordpress\/segunda\/wp-json\/wp\/v2\/posts\/55733\/revisions"}],"wp:featuredmedia":[{"embeddable":true,"href":"https:\/\/www.tucomarca.com\/wordpress\/segunda\/wp-json\/wp\/v2\/media\/55734"}],"wp:attachment":[{"href":"https:\/\/www.tucomarca.com\/wordpress\/segunda\/wp-json\/wp\/v2\/media?parent=55733"}],"wp:term":[{"taxonomy":"category","embeddable":true,"href":"https:\/\/www.tucomarca.com\/wordpress\/segunda\/wp-json\/wp\/v2\/categories?post=55733"},{"taxonomy":"post_tag","embeddable":true,"href":"https:\/\/www.tucomarca.com\/wordpress\/segunda\/wp-json\/wp\/v2\/tags?post=55733"}],"curies":[{"name":"wp","href":"https:\/\/api.w.org\/{rel}","templated":true}]}}