{"id":55796,"date":"2017-04-10T13:41:30","date_gmt":"2017-04-10T11:41:30","guid":{"rendered":"http:\/\/www.tucomarca.com\/wordpress\/segunda\/?p=55796"},"modified":"2017-04-10T13:41:30","modified_gmt":"2017-04-10T11:41:30","slug":"vicent-marza-inaugura-la-pionera-aula-multisensorial-del-ceip-san-luis-de-bunol","status":"publish","type":"post","link":"https:\/\/www.tucomarca.com\/wordpress\/segunda\/vicent-marza-inaugura-la-pionera-aula-multisensorial-del-ceip-san-luis-de-bunol\/","title":{"rendered":"Vicent Marz\u00e0 inaugura la pionera aula multisensorial del CEIP San Luis de Bu\u00f1ol"},"content":{"rendered":"<figure id=\"attachment_55804\" aria-describedby=\"caption-attachment-55804\" style=\"width: 600px\" class=\"wp-caption alignleft\"><a href=\"https:\/\/www.tucomarca.com\/wordpress\/segunda\/wp-content\/uploads\/2017\/04\/BunyolMarzaAula.jpg\"><img loading=\"lazy\" decoding=\"async\" class=\" wp-image-55804\" src=\"https:\/\/www.tucomarca.com\/wordpress\/segunda\/wp-content\/uploads\/2017\/04\/BunyolMarzaAula-1024x768.jpg\" alt=\"El conveler Vicent Marz\u00e0 junto al equipo directivo del CEIP San Luis de Bu\u00f1ol.\" width=\"600\" height=\"450\" srcset=\"https:\/\/www.tucomarca.com\/wordpress\/segunda\/wp-content\/uploads\/2017\/04\/BunyolMarzaAula-1024x768.jpg 1024w, https:\/\/www.tucomarca.com\/wordpress\/segunda\/wp-content\/uploads\/2017\/04\/BunyolMarzaAula-300x225.jpg 300w, https:\/\/www.tucomarca.com\/wordpress\/segunda\/wp-content\/uploads\/2017\/04\/BunyolMarzaAula-768x576.jpg 768w\" sizes=\"auto, (max-width: 600px) 100vw, 600px\" \/><\/a><figcaption id=\"caption-attachment-55804\" class=\"wp-caption-text\">El conveler Vicent Marz\u00e0 junto al equipo directivo del CEIP San Luis de Bu\u00f1ol.<\/figcaption><\/figure>\n<p>El conseller de Educaci\u00f3n, Investigaci\u00f3n, Cultura y Deporte, Vicent Marz\u00e0, ha visitado el aula multisensorial del CEIP San Luis de Bu\u00f1ol, que constituye la primera aula de estas caracter\u00edsticas ubicada en un centro p\u00fablico del territorio valenciano.<\/p>\n<p>El aula, puesta en marcha durante este curso escolar, es \u00abuna apuesta innovadora y creativa basada en las pedagog\u00edas de integraci\u00f3n de Montessori, Waldof y Ayres, y en la sensibilizaci\u00f3n sensorial. Se trata de un proyecto para prevenir y mejorar las dificultades en la educaci\u00f3n. Adem\u00e1s, se ha beneficiado de una ayuda de 4.500 euros dentro los proyectos de investigaci\u00f3n e innovaci\u00f3n educativa en centros docentes sostenidos con fondos p\u00fablicos para el curso 2016-2017, convocados por la Direcci\u00f3n General de Pol\u00edtica Educativa\u00bb, tal como ha explicado el responsable del Consell.<\/p>\n<p>\u00abHay que destacar que las aulas multisensoriales se utilizan habitualmente en centros de Educaci\u00f3n Especial con el fin de proporcionar apoyo terap\u00e9utico positivo al alumnado de estos centros. No obstante, aunque tendr\u00e1 preferencia en su uso el alumnado de Educaci\u00f3n Infantil y de Necesidades Educativas Especiales, el aula podr\u00e1 ser utilizada por todo el alumnado del centro\u00bb, ha a\u00f1adido.<\/p>\n<p>Como han explicado fuentes de la Conselleria de Educaci\u00f3n, la idea de disponer de un aula de estas caracter\u00edsticas surgi\u00f3 del profesorado de Infantil del centro, formado en nuevas pedagog\u00edas. Actualmente, todo el profesorado est\u00e1 form\u00e1ndose para poder trabajar en el desarrollo de la sensibilidad del alumnado y en los beneficios que ofrece para los procesos de ense\u00f1anza-aprendizaje.<\/p>\n<p>La principal finalidad de las aulas multisensoriales es que el alumnado tenga la oportunidad de estar expuesto a est\u00edmulos controlados con un doble objetivo: adquirir una serie de aprendizajes mediante el descubrimiento y desarrollar el m\u00e1ximo potencial de sus habilidades escolares, sociales e intelectuales.<\/p>\n<p>Entre las principales ventajas, hay que destacar la potenciaci\u00f3n de las relaciones positivas entre alumnos o con los profesores, al reducirse el estr\u00e9s y la rigidez t\u00edpica de los centros educativos; la mejora en la coordinaci\u00f3n y la concentraci\u00f3n; la estimulaci\u00f3n del pensamiento l\u00f3gico; adem\u00e1s, favorecen la comunicaci\u00f3n no verbal y el bienestar emocional y el equilibrio psicol\u00f3gico.<\/p>\n","protected":false},"excerpt":{"rendered":"<div class=\"mh-excerpt\">El conseller de Educaci\u00f3n, Investigaci\u00f3n, Cultura y Deporte, Vicent Marz\u00e0, ha visitado el aula multisensorial del CEIP San Luis de Bu\u00f1ol, que constituye la primera aula de estas caracter\u00edsticas ubicada en un centro p\u00fablico del <a class=\"mh-excerpt-more\" href=\"https:\/\/www.tucomarca.com\/wordpress\/segunda\/vicent-marza-inaugura-la-pionera-aula-multisensorial-del-ceip-san-luis-de-bunol\/\" title=\"Vicent Marz\u00e0 inaugura la pionera aula multisensorial del CEIP San Luis de Bu\u00f1ol\">[+] <\/a><\/div>\n","protected":false},"author":1,"featured_media":55804,"comment_status":"open","ping_status":"open","sticky":false,"template":"","format":"standard","meta":{"footnotes":""},"categories":[18,8,10,142,3,45],"tags":[10385,7039,5952,600],"class_list":{"0":"post-55796","1":"post","2":"type-post","3":"status-publish","4":"format-standard","5":"has-post-thumbnail","7":"category-bunol","8":"category-la-comarca","9":"category-la-hoya","10":"category-politica-la-comarca","11":"category-seccion","12":"category-ventana","13":"tag-bunol","14":"tag-ceip","15":"tag-la-hoya-de-bunol-chiva","16":"tag-san-luis"},"_links":{"self":[{"href":"https:\/\/www.tucomarca.com\/wordpress\/segunda\/wp-json\/wp\/v2\/posts\/55796","targetHints":{"allow":["GET"]}}],"collection":[{"href":"https:\/\/www.tucomarca.com\/wordpress\/segunda\/wp-json\/wp\/v2\/posts"}],"about":[{"href":"https:\/\/www.tucomarca.com\/wordpress\/segunda\/wp-json\/wp\/v2\/types\/post"}],"author":[{"embeddable":true,"href":"https:\/\/www.tucomarca.com\/wordpress\/segunda\/wp-json\/wp\/v2\/users\/1"}],"replies":[{"embeddable":true,"href":"https:\/\/www.tucomarca.com\/wordpress\/segunda\/wp-json\/wp\/v2\/comments?post=55796"}],"version-history":[{"count":0,"href":"https:\/\/www.tucomarca.com\/wordpress\/segunda\/wp-json\/wp\/v2\/posts\/55796\/revisions"}],"wp:featuredmedia":[{"embeddable":true,"href":"https:\/\/www.tucomarca.com\/wordpress\/segunda\/wp-json\/wp\/v2\/media\/55804"}],"wp:attachment":[{"href":"https:\/\/www.tucomarca.com\/wordpress\/segunda\/wp-json\/wp\/v2\/media?parent=55796"}],"wp:term":[{"taxonomy":"category","embeddable":true,"href":"https:\/\/www.tucomarca.com\/wordpress\/segunda\/wp-json\/wp\/v2\/categories?post=55796"},{"taxonomy":"post_tag","embeddable":true,"href":"https:\/\/www.tucomarca.com\/wordpress\/segunda\/wp-json\/wp\/v2\/tags?post=55796"}],"curies":[{"name":"wp","href":"https:\/\/api.w.org\/{rel}","templated":true}]}}