{"id":5581,"date":"2012-07-19T09:36:13","date_gmt":"2012-07-19T07:36:13","guid":{"rendered":"http:\/\/www.tucomarca.com\/wordpress\/segunda\/?p=5581"},"modified":"2012-07-19T09:36:13","modified_gmt":"2012-07-19T07:36:13","slug":"monserrat-se-prepara-para-la-semana-internacional-de-la-musica-de-camara","status":"publish","type":"post","link":"https:\/\/www.tucomarca.com\/wordpress\/segunda\/monserrat-se-prepara-para-la-semana-internacional-de-la-musica-de-camara\/","title":{"rendered":"Monserrat se prepara para la Semana Internacional de la M\u00fasica de C\u00e1mara"},"content":{"rendered":"<p>La localidad valenciana de Montserrat (Valencia) celebrar\u00e1 entre el 24 y el 29 de julio la 32\u00aa edici\u00f3n de su Semana Internacional de M\u00fasica de C\u00e1mara. El festival se abrir\u00e1 con un programa dedicado a los j\u00f3venes int\u00e9rpretes e incluye, tambi\u00e9n, sesiones dedicadas al piano y la percusi\u00f3n, adem\u00e1s de la actuaci\u00f3n del octeto de voces Oct\u00e0mbuli, entre otros.<br \/>\n El director de la Semana Internacional de M\u00fasica de C\u00e1mara, Vicent Campos, y el alcalde del Ayuntamiento de Montserrat, Josep Maria Mas i Garcia, ofrecen este jueves en rueda de prensa todos los detalles relativos al programa de esta edici\u00f3nen la sede valenciana de la Sociedad General de Autores y Editores (C\/Blanquer\u00edas, 6).<\/p>\n","protected":false},"excerpt":{"rendered":"<div class=\"mh-excerpt\">La localidad valenciana de Montserrat (Valencia) celebrar\u00e1 entre el 24 y el 29 de julio la 32\u00aa edici\u00f3n de su Semana Internacional de M\u00fasica de C\u00e1mara. El festival se abrir\u00e1 con un programa dedicado a <a class=\"mh-excerpt-more\" href=\"https:\/\/www.tucomarca.com\/wordpress\/segunda\/monserrat-se-prepara-para-la-semana-internacional-de-la-musica-de-camara\/\" title=\"Monserrat se prepara para la Semana Internacional de la M\u00fasica de C\u00e1mara\">[+] <\/a><\/div>\n","protected":false},"author":2,"featured_media":0,"comment_status":"open","ping_status":"open","sticky":false,"template":"","format":"standard","meta":{"footnotes":""},"categories":[66,42,162,7,3],"tags":[358],"class_list":{"0":"post-5581","1":"post","2":"type-post","3":"status-publish","4":"format-standard","6":"category-musica","7":"category-la-ribera","8":"category-monserrat","9":"category-ocio-y-cultura","10":"category-seccion","11":"tag-musica-de-camara"},"_links":{"self":[{"href":"https:\/\/www.tucomarca.com\/wordpress\/segunda\/wp-json\/wp\/v2\/posts\/5581","targetHints":{"allow":["GET"]}}],"collection":[{"href":"https:\/\/www.tucomarca.com\/wordpress\/segunda\/wp-json\/wp\/v2\/posts"}],"about":[{"href":"https:\/\/www.tucomarca.com\/wordpress\/segunda\/wp-json\/wp\/v2\/types\/post"}],"author":[{"embeddable":true,"href":"https:\/\/www.tucomarca.com\/wordpress\/segunda\/wp-json\/wp\/v2\/users\/2"}],"replies":[{"embeddable":true,"href":"https:\/\/www.tucomarca.com\/wordpress\/segunda\/wp-json\/wp\/v2\/comments?post=5581"}],"version-history":[{"count":0,"href":"https:\/\/www.tucomarca.com\/wordpress\/segunda\/wp-json\/wp\/v2\/posts\/5581\/revisions"}],"wp:attachment":[{"href":"https:\/\/www.tucomarca.com\/wordpress\/segunda\/wp-json\/wp\/v2\/media?parent=5581"}],"wp:term":[{"taxonomy":"category","embeddable":true,"href":"https:\/\/www.tucomarca.com\/wordpress\/segunda\/wp-json\/wp\/v2\/categories?post=5581"},{"taxonomy":"post_tag","embeddable":true,"href":"https:\/\/www.tucomarca.com\/wordpress\/segunda\/wp-json\/wp\/v2\/tags?post=5581"}],"curies":[{"name":"wp","href":"https:\/\/api.w.org\/{rel}","templated":true}]}}