{"id":55818,"date":"2017-04-10T13:38:53","date_gmt":"2017-04-10T11:38:53","guid":{"rendered":"http:\/\/www.tucomarca.com\/wordpress\/segunda\/?p=55818"},"modified":"2017-04-10T13:38:53","modified_gmt":"2017-04-10T11:38:53","slug":"cheste-inicia-las-quemas-controladas-para-combatir-la-sobrepoblacion-de-conejos","status":"publish","type":"post","link":"https:\/\/www.tucomarca.com\/wordpress\/segunda\/cheste-inicia-las-quemas-controladas-para-combatir-la-sobrepoblacion-de-conejos\/","title":{"rendered":"Cheste inicia las quemas controladas para combatir la sobrepoblaci\u00f3n de conejos\u00a0"},"content":{"rendered":"<figure id=\"attachment_55820\" aria-describedby=\"caption-attachment-55820\" style=\"width: 598px\" class=\"wp-caption alignleft\"><img loading=\"lazy\" decoding=\"async\" class=\" wp-image-55820\" src=\"https:\/\/www.tucomarca.com\/wordpress\/segunda\/wp-content\/uploads\/2017\/04\/QuemasControladasCheste1.png\" alt=\"Quemas controladas en Cheste.\" width=\"598\" height=\"398\" srcset=\"https:\/\/www.tucomarca.com\/wordpress\/segunda\/wp-content\/uploads\/2017\/04\/QuemasControladasCheste1.png 640w, https:\/\/www.tucomarca.com\/wordpress\/segunda\/wp-content\/uploads\/2017\/04\/QuemasControladasCheste1-300x200.png 300w\" sizes=\"auto, (max-width: 598px) 100vw, 598px\" \/><figcaption id=\"caption-attachment-55820\" class=\"wp-caption-text\"><em>Quemas controladas en Cheste.<\/em><\/figcaption><\/figure>\n<p>El Ayuntamiento de Cheste inici\u00f3 la semana pasada las quemas controladas en el t\u00e9rmino para combatir la sobrepoblaci\u00f3n de conejos en el t\u00e9rmino municipal, en coordinaci\u00f3n con el Consorcio Provincial de Bomberos y con los permisos correspondientes de la Conselleria de Agricultura, Medio Ambiente y Cambio Clim\u00e1tico.<\/p>\n<p>En los \u00faltimos meses se han tomado diversas medidas para combatir los conejos que han provocado da\u00f1os en los cultivos de parte del t\u00e9rmino municipal. Desde batidas con cazadores hasta estas quemas controladas en Barrancohondo y Los Calderones.<\/p>\n<p>Concretamente, se han llevado a cabo trabajos de desbroce y quemas controladas en parcelas que est\u00e1n cubiertas por abundante vegetaci\u00f3n que sirven de refugio para los conejos y que imposibilitan que los cazadores puedan acceder a las madrigueras y actuar para su control.<\/p>\n<p>El alcalde de Cheste y responsable de Agricultura, Jos\u00e9 Morell, ha manifestado que \u00abestamos tomando todas las medidas a nuestro alcance para poner freno a un problema extendido en buena parte del municipio y que afecta a uno de los motores de nuestra econom\u00eda, la agricultura\u00bb, y ha a\u00f1adido que a trav\u00e9s del Consejo Agrario Municipal \u00abconsensuamos cada medida con los representantes de los agricultores, atentos a sus demandas\u00bb.<\/p>\n","protected":false},"excerpt":{"rendered":"<div class=\"mh-excerpt\">El Ayuntamiento de Cheste inici\u00f3 la semana pasada las quemas controladas en el t\u00e9rmino para combatir la sobrepoblaci\u00f3n de conejos en el t\u00e9rmino municipal, en coordinaci\u00f3n con el Consorcio Provincial de Bomberos y con los <a class=\"mh-excerpt-more\" href=\"https:\/\/www.tucomarca.com\/wordpress\/segunda\/cheste-inicia-las-quemas-controladas-para-combatir-la-sobrepoblacion-de-conejos\/\" title=\"Cheste inicia las quemas controladas para combatir la sobrepoblaci\u00f3n de conejos\u00a0\">[+] <\/a><\/div>\n","protected":false},"author":2,"featured_media":55820,"comment_status":"open","ping_status":"open","sticky":false,"template":"","format":"standard","meta":{"footnotes":""},"categories":[17,8,72,10,117,3,45],"tags":[10470,339,10488],"class_list":{"0":"post-55818","1":"post","2":"type-post","3":"status-publish","4":"format-standard","5":"has-post-thumbnail","7":"category-cheste","8":"category-la-comarca","9":"category-sin-categorizar","10":"category-la-hoya","11":"category-medio-ambiente-la-comarca","12":"category-seccion","13":"category-ventana","14":"tag-ayuntamiento-de-cheste","15":"tag-cheste-2","16":"tag-superpoblacion-de-conejos"},"_links":{"self":[{"href":"https:\/\/www.tucomarca.com\/wordpress\/segunda\/wp-json\/wp\/v2\/posts\/55818","targetHints":{"allow":["GET"]}}],"collection":[{"href":"https:\/\/www.tucomarca.com\/wordpress\/segunda\/wp-json\/wp\/v2\/posts"}],"about":[{"href":"https:\/\/www.tucomarca.com\/wordpress\/segunda\/wp-json\/wp\/v2\/types\/post"}],"author":[{"embeddable":true,"href":"https:\/\/www.tucomarca.com\/wordpress\/segunda\/wp-json\/wp\/v2\/users\/2"}],"replies":[{"embeddable":true,"href":"https:\/\/www.tucomarca.com\/wordpress\/segunda\/wp-json\/wp\/v2\/comments?post=55818"}],"version-history":[{"count":0,"href":"https:\/\/www.tucomarca.com\/wordpress\/segunda\/wp-json\/wp\/v2\/posts\/55818\/revisions"}],"wp:featuredmedia":[{"embeddable":true,"href":"https:\/\/www.tucomarca.com\/wordpress\/segunda\/wp-json\/wp\/v2\/media\/55820"}],"wp:attachment":[{"href":"https:\/\/www.tucomarca.com\/wordpress\/segunda\/wp-json\/wp\/v2\/media?parent=55818"}],"wp:term":[{"taxonomy":"category","embeddable":true,"href":"https:\/\/www.tucomarca.com\/wordpress\/segunda\/wp-json\/wp\/v2\/categories?post=55818"},{"taxonomy":"post_tag","embeddable":true,"href":"https:\/\/www.tucomarca.com\/wordpress\/segunda\/wp-json\/wp\/v2\/tags?post=55818"}],"curies":[{"name":"wp","href":"https:\/\/api.w.org\/{rel}","templated":true}]}}