{"id":55822,"date":"2017-04-10T14:10:51","date_gmt":"2017-04-10T12:10:51","guid":{"rendered":"http:\/\/www.tucomarca.com\/wordpress\/segunda\/?p=55822"},"modified":"2017-04-10T14:18:25","modified_gmt":"2017-04-10T12:18:25","slug":"los-alcaldes-de-la-linea-c3-escenifican-su-protesta-por-las-deficiencias-en-la-linea-c3-de-cercanias-en-la-estacion-del-norte","status":"publish","type":"post","link":"https:\/\/www.tucomarca.com\/wordpress\/segunda\/los-alcaldes-de-la-linea-c3-escenifican-su-protesta-por-las-deficiencias-en-la-linea-c3-de-cercanias-en-la-estacion-del-norte\/","title":{"rendered":"Los alcaldes de la l\u00ednea C3 escenifican su protesta por las deficiencias en la L\u00ednea C3 de Cercan\u00edas en la estaci\u00f3n del Norte"},"content":{"rendered":"<figure id=\"attachment_55830\" aria-describedby=\"caption-attachment-55830\" style=\"width: 649px\" class=\"wp-caption alignleft\"><a href=\"https:\/\/www.tucomarca.com\/wordpress\/segunda\/wp-content\/uploads\/2017\/04\/C3AlcaldesValencia.jpg\"><img loading=\"lazy\" decoding=\"async\" class=\" wp-image-55830\" src=\"https:\/\/www.tucomarca.com\/wordpress\/segunda\/wp-content\/uploads\/2017\/04\/C3AlcaldesValencia-1024x768.jpg\" alt=\"Los alcaldes participantes en la protesta ante las puertas de la Estaci\u00f3n del Norte de Renfe en Valencia.\" width=\"649\" height=\"487\" srcset=\"https:\/\/www.tucomarca.com\/wordpress\/segunda\/wp-content\/uploads\/2017\/04\/C3AlcaldesValencia-1024x768.jpg 1024w, https:\/\/www.tucomarca.com\/wordpress\/segunda\/wp-content\/uploads\/2017\/04\/C3AlcaldesValencia-300x225.jpg 300w, https:\/\/www.tucomarca.com\/wordpress\/segunda\/wp-content\/uploads\/2017\/04\/C3AlcaldesValencia-768x576.jpg 768w\" sizes=\"auto, (max-width: 649px) 100vw, 649px\" \/><\/a><figcaption id=\"caption-attachment-55830\" class=\"wp-caption-text\">Los alcaldes participantes en la protesta ante las puertas de la Estaci\u00f3n del Norte de Renfe en Valencia.<\/figcaption><\/figure>\n<p>Los alcaldes de las localidades que atraviesa la l\u00ednea de\u00a0Cercan\u00edas C3 de Renfe han llevado hasta la estaci\u00f3n del Norte de Valencia su protesta por las deficiencias hist\u00f3ricas que arrastra la l\u00ednea.<\/p>\n<p>Un acto reivindicativo en el que han participado los alcaldes de Cheste, Chiva, Riba-roja, Siete Aguas y\u00a0Requena, entre otros,\u00a0\u00abpara reclamar m\u00e1s inversiones en los Planes Generales del Estado de 2017\u00bb, tal como han destacado.<\/p>\n<p>Ya que la pasada semana se presentaron las inversiones del Estado para este a\u00f1o, y a la electrificaci\u00f3n de la l\u00ednea C3 se destinan 12.700 euros, una inversi\u00f3n que los alcaldes de la l\u00ednea consideran una \u00abburla y una discriminaci\u00f3n por parte del Ministerio de Fomento. El Estado\u00a0discrimina claramente a estas comarcas, y el ejemplo de las cercan\u00edas es tan evidente que produce sonrojo\u00bb, y han a\u00f1adido que las mejoras y la electrificaci\u00f3n de la l\u00ednea \u00abson una necesidad para miles de personas que utilizar\u00edan diariamente estos trenes, y que nos deja en una clara inferioridad con respecto a otras comarcas y a una distancia insalvable de las cercan\u00edas de Madrid y Barcelona, que permiten que trabajadores y estudiantes especialmente puedan desplazarse con rapidez y comodidad cada d\u00eda, mientras aqu\u00ed seguimos con una l\u00ednea del Siglo XIX\u00bb.<\/p>\n<p>El alcalde de Cheste, Jos\u00e9 Morell, ha asegurado por su parte que en la reuni\u00f3n con el Ministerio de Fomento en febrero de 2016 \u00abse nos dijo que la electrificaci\u00f3n entre Valencia y Bu\u00f1ol estaba en fase de proyecto , que se iba a aprobar en 2016 para poder licitar posteriormente las obras, un a\u00f1o despu\u00e9s no hay nada de lo prometido y lo que reflejan los Presupuestos Generales del Estado es decepcionante y una burla a miles de vecinos de estas comarcas\u00bb,\u00a0 y ha a\u00f1adido que van a mantener su reivindicaci\u00f3n \u00abelaborando una enmienda a los presupuestos, porque esta l\u00ednea necesita una inversi\u00f3n importante para no caer en desuso\u00bb.<\/p>\n<p>Los alcaldes de la C-3, firmantes de que se llam\u00f3 en 2015 la \u00abDeclaraci\u00f3n de Xirivella\u00bb, han anunciado que van a elaborar una enmienda a los Presupuestos Generales del Estado para que se destine m\u00e1s inversi\u00f3n a la l\u00ednea y se cumpla lo prometido hace un a\u00f1o por el Ministerio de Fomento.<\/p>\n","protected":false},"excerpt":{"rendered":"<div class=\"mh-excerpt\">Los alcaldes de las localidades que atraviesa la l\u00ednea de\u00a0Cercan\u00edas C3 de Renfe han llevado hasta la estaci\u00f3n del Norte de Valencia su protesta por las deficiencias hist\u00f3ricas que arrastra la l\u00ednea. Un acto reivindicativo <a class=\"mh-excerpt-more\" href=\"https:\/\/www.tucomarca.com\/wordpress\/segunda\/los-alcaldes-de-la-linea-c3-escenifican-su-protesta-por-las-deficiencias-en-la-linea-c3-de-cercanias-en-la-estacion-del-norte\/\" title=\"Los alcaldes de la l\u00ednea C3 escenifican su protesta por las deficiencias en la L\u00ednea C3 de Cercan\u00edas en la estaci\u00f3n del Norte\">[+] <\/a><\/div>\n","protected":false},"author":1,"featured_media":55830,"comment_status":"open","ping_status":"open","sticky":false,"template":"","format":"standard","meta":{"footnotes":""},"categories":[18,17,16,128,8,10,142,3,12,45],"tags":[5952],"class_list":{"0":"post-55822","1":"post","2":"type-post","3":"status-publish","4":"format-standard","5":"has-post-thumbnail","7":"category-bunol","8":"category-cheste","9":"category-chiva","10":"category-infraestructuras","11":"category-la-comarca","12":"category-la-hoya","13":"category-politica-la-comarca","14":"category-seccion","15":"category-siete-aguas","16":"category-ventana","17":"tag-la-hoya-de-bunol-chiva"},"_links":{"self":[{"href":"https:\/\/www.tucomarca.com\/wordpress\/segunda\/wp-json\/wp\/v2\/posts\/55822","targetHints":{"allow":["GET"]}}],"collection":[{"href":"https:\/\/www.tucomarca.com\/wordpress\/segunda\/wp-json\/wp\/v2\/posts"}],"about":[{"href":"https:\/\/www.tucomarca.com\/wordpress\/segunda\/wp-json\/wp\/v2\/types\/post"}],"author":[{"embeddable":true,"href":"https:\/\/www.tucomarca.com\/wordpress\/segunda\/wp-json\/wp\/v2\/users\/1"}],"replies":[{"embeddable":true,"href":"https:\/\/www.tucomarca.com\/wordpress\/segunda\/wp-json\/wp\/v2\/comments?post=55822"}],"version-history":[{"count":0,"href":"https:\/\/www.tucomarca.com\/wordpress\/segunda\/wp-json\/wp\/v2\/posts\/55822\/revisions"}],"wp:featuredmedia":[{"embeddable":true,"href":"https:\/\/www.tucomarca.com\/wordpress\/segunda\/wp-json\/wp\/v2\/media\/55830"}],"wp:attachment":[{"href":"https:\/\/www.tucomarca.com\/wordpress\/segunda\/wp-json\/wp\/v2\/media?parent=55822"}],"wp:term":[{"taxonomy":"category","embeddable":true,"href":"https:\/\/www.tucomarca.com\/wordpress\/segunda\/wp-json\/wp\/v2\/categories?post=55822"},{"taxonomy":"post_tag","embeddable":true,"href":"https:\/\/www.tucomarca.com\/wordpress\/segunda\/wp-json\/wp\/v2\/tags?post=55822"}],"curies":[{"name":"wp","href":"https:\/\/api.w.org\/{rel}","templated":true}]}}