{"id":5591,"date":"2012-07-19T10:21:14","date_gmt":"2012-07-19T08:21:14","guid":{"rendered":"http:\/\/www.tucomarca.com\/wordpress\/segunda\/?p=5591"},"modified":"2012-07-19T11:19:50","modified_gmt":"2012-07-19T09:19:50","slug":"la-%c2%absanta-cecilia%c2%bb-de-macastre-dedica-el-retrobem-a-talens-y-a-dos-jovenes-compositores-de-la-comarca","status":"publish","type":"post","link":"https:\/\/www.tucomarca.com\/wordpress\/segunda\/la-%c2%absanta-cecilia%c2%bb-de-macastre-dedica-el-retrobem-a-talens-y-a-dos-jovenes-compositores-de-la-comarca\/","title":{"rendered":"La \u00abSanta Cecilia\u00bb de Macastre dedica el Retrobem a Talens y a dos j\u00f3venes compositores de la comarca"},"content":{"rendered":"<p><figure id=\"attachment_5623\" aria-describedby=\"caption-attachment-5623\" style=\"width: 300px\" class=\"wp-caption alignleft\"><a href=\"https:\/\/www.tucomarca.com\/wordpress\/segunda\/?attachment_id=5623\" rel=\"attachment wp-att-5623\"><img loading=\"lazy\" decoding=\"async\" src=\"https:\/\/www.tucomarca.com\/wordpress\/segunda\/wp-content\/uploads\/2012\/07\/DSC_0068-300x199.jpg\" alt=\"\" title=\"DSC_0068\" width=\"300\" height=\"199\" class=\"size-medium wp-image-5623\" srcset=\"https:\/\/www.tucomarca.com\/wordpress\/segunda\/wp-content\/uploads\/2012\/07\/DSC_0068-300x199.jpg 300w, https:\/\/www.tucomarca.com\/wordpress\/segunda\/wp-content\/uploads\/2012\/07\/DSC_0068-1024x680.jpg 1024w\" sizes=\"auto, (max-width: 300px) 100vw, 300px\" \/><\/a><figcaption id=\"caption-attachment-5623\" class=\"wp-caption-text\">La &quot;Santa Cecilia&quot; durante el concierto Retrobem. tc.c<\/figcaption><\/figure>Como public\u00f3 este semanario en su edici\u00f3n impresa de la semana pasada, el homenaje  al ilustre Rafael Talens \u2014fallecido recientemente\u2014 y el merecido reconocimiento a los j\u00f3venes compositores de la comarca son los aspectos m\u00e1s destacados del concierto ofrecido por la Sociedad Musical \u00abSanta Cecilia\u00bb de Macastre en la Casa de la Cultura de la poblaci\u00f3n, recinto que volvi\u00f3 a llenarse para la ocasi\u00f3n con motivo de este acto enmarcado en el programa Retrombem la nostra m\u00fasica. La primera mitad de la entrega musical estuvo protagonizada por las obras del maestro nacido en Cullera tales como el pasodoble Rafael Mauricio o las reconocidas obras Fest\u00edvoles y Can\u00e7ons de Mare.<br \/>\nLa segunda mitad del acto se inici\u00f3 con la interpretaci\u00f3n del pasodoble Paula March de Borja Mart\u00ednez Alegre, joven m\u00fasico de \u00abLa Paz\u00bb de Siete Aguas. Se trata de una pieza que gan\u00f3 el primer premio del concurso de composici\u00f3n de pasodobles falleros del a\u00f1o 2011 en Alzira y que cuenta con muy buena cr\u00edtica.<br \/>\nPor cuestiones estrictamente personales, el joven m\u00fasico no pudo estar presente en el acto, aunque mand\u00f3 su agradecimiento por la elecci\u00f3n al director de la \u00abSanta Cecilia\u00bb, Eduardo Carrascosa.<br \/>\nActo seguido, los m\u00fasicos pusieron en atril el poema sinf\u00f3nico del jovenc\u00edsimo Santi Miguel Alarc\u00f3n, El d\u00eda del Juicio Final. Esta espectacular pieza fue muy aplaudida por el respetable, entre los que se encontraban reconocidos m\u00fasicos y directores de la comarca.<br \/>\nEl propio compositor, que quiso participar de la interpretaci\u00f3n d e la banda, agradeci\u00f3 el gesto de la sociedad, as\u00ed como el agasajo del p\u00fablico asistente.<br \/>\nLa interpretaci\u00f3n del Himno a Macastre, de Roberto S\u00e1ez, dirigido por el propio compositor, cerr\u00f3 esta entrega musical enmarcada en la campa\u00f1a promovida por la Diputaci\u00f3n de Valencia.<\/p>\n","protected":false},"excerpt":{"rendered":"<div class=\"mh-excerpt\">Como public\u00f3 este semanario en su edici\u00f3n impresa de la semana pasada, el homenaje al ilustre Rafael Talens \u2014fallecido recientemente\u2014 y el merecido reconocimiento a los j\u00f3venes compositores de la comarca son los aspectos m\u00e1s <a class=\"mh-excerpt-more\" href=\"https:\/\/www.tucomarca.com\/wordpress\/segunda\/la-%c2%absanta-cecilia%c2%bb-de-macastre-dedica-el-retrobem-a-talens-y-a-dos-jovenes-compositores-de-la-comarca\/\" title=\"La \u00abSanta Cecilia\u00bb de Macastre dedica el Retrobem a Talens y a dos j\u00f3venes compositores de la comarca\">[+] <\/a><\/div>\n","protected":false},"author":2,"featured_media":5623,"comment_status":"open","ping_status":"open","sticky":false,"template":"","format":"standard","meta":{"footnotes":""},"categories":[66,10,13,7,3],"tags":[362],"class_list":{"0":"post-5591","1":"post","2":"type-post","3":"status-publish","4":"format-standard","5":"has-post-thumbnail","7":"category-musica","8":"category-la-hoya","9":"category-macastre","10":"category-ocio-y-cultura","11":"category-seccion","12":"tag-retrobem"},"_links":{"self":[{"href":"https:\/\/www.tucomarca.com\/wordpress\/segunda\/wp-json\/wp\/v2\/posts\/5591","targetHints":{"allow":["GET"]}}],"collection":[{"href":"https:\/\/www.tucomarca.com\/wordpress\/segunda\/wp-json\/wp\/v2\/posts"}],"about":[{"href":"https:\/\/www.tucomarca.com\/wordpress\/segunda\/wp-json\/wp\/v2\/types\/post"}],"author":[{"embeddable":true,"href":"https:\/\/www.tucomarca.com\/wordpress\/segunda\/wp-json\/wp\/v2\/users\/2"}],"replies":[{"embeddable":true,"href":"https:\/\/www.tucomarca.com\/wordpress\/segunda\/wp-json\/wp\/v2\/comments?post=5591"}],"version-history":[{"count":0,"href":"https:\/\/www.tucomarca.com\/wordpress\/segunda\/wp-json\/wp\/v2\/posts\/5591\/revisions"}],"wp:featuredmedia":[{"embeddable":true,"href":"https:\/\/www.tucomarca.com\/wordpress\/segunda\/wp-json\/wp\/v2\/media\/5623"}],"wp:attachment":[{"href":"https:\/\/www.tucomarca.com\/wordpress\/segunda\/wp-json\/wp\/v2\/media?parent=5591"}],"wp:term":[{"taxonomy":"category","embeddable":true,"href":"https:\/\/www.tucomarca.com\/wordpress\/segunda\/wp-json\/wp\/v2\/categories?post=5591"},{"taxonomy":"post_tag","embeddable":true,"href":"https:\/\/www.tucomarca.com\/wordpress\/segunda\/wp-json\/wp\/v2\/tags?post=5591"}],"curies":[{"name":"wp","href":"https:\/\/api.w.org\/{rel}","templated":true}]}}