{"id":55917,"date":"2017-04-15T11:04:17","date_gmt":"2017-04-15T09:04:17","guid":{"rendered":"http:\/\/www.tucomarca.com\/wordpress\/segunda\/?p=55917"},"modified":"2017-04-15T11:04:17","modified_gmt":"2017-04-15T09:04:17","slug":"las-brigadas-forestales-de-la-diputacion-intensifican-la-vigilancia-en-semana-santa-y-pascua","status":"publish","type":"post","link":"https:\/\/www.tucomarca.com\/wordpress\/segunda\/las-brigadas-forestales-de-la-diputacion-intensifican-la-vigilancia-en-semana-santa-y-pascua\/","title":{"rendered":"Las brigadas forestales de la Diputaci\u00f3n intensifican la vigilancia en Semana Santa y Pascua"},"content":{"rendered":"<figure id=\"attachment_55918\" aria-describedby=\"caption-attachment-55918\" style=\"width: 300px\" class=\"wp-caption alignleft\"><a href=\"https:\/\/www.tucomarca.com\/wordpress\/segunda\/wp-content\/uploads\/2017\/04\/punt_vigilancia_serra.jpg\"><img loading=\"lazy\" decoding=\"async\" class=\"size-medium wp-image-55918\" src=\"https:\/\/www.tucomarca.com\/wordpress\/segunda\/wp-content\/uploads\/2017\/04\/punt_vigilancia_serra-300x201.jpg\" alt=\"Los brigadistas de Divalterra realizar\u00e1n rutas en coordinaci\u00f3n con la Conselleria\u00a0de Agricultura,\u00a0Medio Ambiente, Cambio Clim\u00e1tico y Desarrollo Rural, que atender\u00e1n especialmente a las zonas con mayor riesgo de incendio.\" width=\"300\" height=\"201\" srcset=\"https:\/\/www.tucomarca.com\/wordpress\/segunda\/wp-content\/uploads\/2017\/04\/punt_vigilancia_serra-300x201.jpg 300w, https:\/\/www.tucomarca.com\/wordpress\/segunda\/wp-content\/uploads\/2017\/04\/punt_vigilancia_serra-768x514.jpg 768w, https:\/\/www.tucomarca.com\/wordpress\/segunda\/wp-content\/uploads\/2017\/04\/punt_vigilancia_serra-1024x685.jpg 1024w, https:\/\/www.tucomarca.com\/wordpress\/segunda\/wp-content\/uploads\/2017\/04\/punt_vigilancia_serra.jpg 1956w\" sizes=\"auto, (max-width: 300px) 100vw, 300px\" \/><\/a><figcaption id=\"caption-attachment-55918\" class=\"wp-caption-text\">Los brigadistas de Divalterra realizar\u00e1n rutas en coordinaci\u00f3n con la Conselleria\u00a0de Agricultura,\u00a0Medio Ambiente, Cambio Clim\u00e1tico y Desarrollo Rural, que atender\u00e1n especialmente a las zonas con mayor riesgo de incendio.<\/figcaption><\/figure>\n<p>Las brigadas forestales de la Diputaci\u00f3n de Valencia, integradas en el Plan de Vigilancia de Incendios Forestales de 2017 establecido por la Generalitat Valenciana, intensificar\u00e1n sus labores de vigilancia entre el 13 y el 24 de abril, coincidiendo con el per\u00edodo de m\u00e1ximo riesgo de incendios forestales.<\/p>\n<p>As\u00ed, durante estos d\u00edas, las brigadas de Divalterra suspender\u00e1n temporalmente los trabajos forestales de silvicultura para centrarse en la vigilancia preventiva y persuasiva, incidiendo especialmente en la concienciaci\u00f3n a la ciudadan\u00eda para promover las buenas conductas en el monte.<\/p>\n<p>La gerente de Divalterra, Agustina Brines, ha informado que \u201ccomo novedad, este a\u00f1o las brigadas forestales complementar\u00e1n la vigilancia tradicional con rutas en zonas establecidas por la Conselleria responsable de la Prevenci\u00f3n de Incendios Forestales, que reciben una mayor afluencia humana y que tienen un mayor riesgo de incendio\u201d.<\/p>\n<p>En este sentido, Brines ha resaltado que \u201cesta acci\u00f3n se enmarca en la creciente coordinaci\u00f3n entre las entidades e instituciones competentes en la lucha contra el fuego, algo que redunda en un incremento de la eficacia de las actuaciones\u201d.<\/p>\n<p>Por su parte, Manuel Carot, director del \u00e1rea de Gesti\u00f3n Forestal y del Medio Rural, ha destacado que \u201clos trabajos de vigilancia de las brigadas forestales adquieren una especial relevancia durante la Semana Santa y Pascua por la alta afluencia de gente que visita nuestro entorno forestal\u201d. Asimismo, ha apuntado que \u201cdurante las labores de vigilancia tambi\u00e9n se obtiene una valiosa informaci\u00f3n sobre el estado de los caminos y se obtiene una mejora el conocimiento del territorio, y en consecuencia, una mejor preparaci\u00f3n de cara a cualquier emergencia\u201d.<\/p>\n","protected":false},"excerpt":{"rendered":"<div class=\"mh-excerpt\">Las brigadas forestales de la Diputaci\u00f3n de Valencia, integradas en el Plan de Vigilancia de Incendios Forestales de 2017 establecido por la Generalitat Valenciana, intensificar\u00e1n sus labores de vigilancia entre el 13 y el 24 <a class=\"mh-excerpt-more\" href=\"https:\/\/www.tucomarca.com\/wordpress\/segunda\/las-brigadas-forestales-de-la-diputacion-intensifican-la-vigilancia-en-semana-santa-y-pascua\/\" title=\"Las brigadas forestales de la Diputaci\u00f3n intensifican la vigilancia en Semana Santa y Pascua\">[+] <\/a><\/div>\n","protected":false},"author":1,"featured_media":55918,"comment_status":"open","ping_status":"open","sticky":false,"template":"","format":"standard","meta":{"footnotes":""},"categories":[169,8,72,117,3,116,45],"tags":[2142],"class_list":{"0":"post-55917","1":"post","2":"type-post","3":"status-publish","4":"format-standard","5":"has-post-thumbnail","7":"category-agricultura-la-comarca","8":"category-la-comarca","9":"category-sin-categorizar","10":"category-medio-ambiente-la-comarca","11":"category-seccion","12":"category-sucesos-la-comarca","13":"category-ventana","14":"tag-la-comunitat"},"_links":{"self":[{"href":"https:\/\/www.tucomarca.com\/wordpress\/segunda\/wp-json\/wp\/v2\/posts\/55917","targetHints":{"allow":["GET"]}}],"collection":[{"href":"https:\/\/www.tucomarca.com\/wordpress\/segunda\/wp-json\/wp\/v2\/posts"}],"about":[{"href":"https:\/\/www.tucomarca.com\/wordpress\/segunda\/wp-json\/wp\/v2\/types\/post"}],"author":[{"embeddable":true,"href":"https:\/\/www.tucomarca.com\/wordpress\/segunda\/wp-json\/wp\/v2\/users\/1"}],"replies":[{"embeddable":true,"href":"https:\/\/www.tucomarca.com\/wordpress\/segunda\/wp-json\/wp\/v2\/comments?post=55917"}],"version-history":[{"count":0,"href":"https:\/\/www.tucomarca.com\/wordpress\/segunda\/wp-json\/wp\/v2\/posts\/55917\/revisions"}],"wp:featuredmedia":[{"embeddable":true,"href":"https:\/\/www.tucomarca.com\/wordpress\/segunda\/wp-json\/wp\/v2\/media\/55918"}],"wp:attachment":[{"href":"https:\/\/www.tucomarca.com\/wordpress\/segunda\/wp-json\/wp\/v2\/media?parent=55917"}],"wp:term":[{"taxonomy":"category","embeddable":true,"href":"https:\/\/www.tucomarca.com\/wordpress\/segunda\/wp-json\/wp\/v2\/categories?post=55917"},{"taxonomy":"post_tag","embeddable":true,"href":"https:\/\/www.tucomarca.com\/wordpress\/segunda\/wp-json\/wp\/v2\/tags?post=55917"}],"curies":[{"name":"wp","href":"https:\/\/api.w.org\/{rel}","templated":true}]}}