{"id":56041,"date":"2017-04-19T20:36:22","date_gmt":"2017-04-19T18:36:22","guid":{"rendered":"http:\/\/www.tucomarca.com\/wordpress\/segunda\/?p=56041"},"modified":"2017-04-19T20:36:22","modified_gmt":"2017-04-19T18:36:22","slug":"la-ultima-tormenta-de-pedrisco-provoca-danos-importantes-en-10-000-hectareas-de-vinedo-almendro-y-trigo-de-utiel-requena-segun-ava","status":"publish","type":"post","link":"https:\/\/www.tucomarca.com\/wordpress\/segunda\/la-ultima-tormenta-de-pedrisco-provoca-danos-importantes-en-10-000-hectareas-de-vinedo-almendro-y-trigo-de-utiel-requena-segun-ava\/","title":{"rendered":"La \u00faltima tormenta de pedrisco provoca da\u00f1os importantes en 10.000 hect\u00e1reas de vi\u00f1edo, almendro y trigo de Utiel-Requena, seg\u00fan AVA"},"content":{"rendered":"<figure id=\"attachment_37445\" aria-describedby=\"caption-attachment-37445\" style=\"width: 449px\" class=\"wp-caption alignleft\"><a href=\"https:\/\/www.tucomarca.com\/wordpress\/segunda\/wp-content\/uploads\/2015\/06\/pedrisco-e1433239895988.jpg\"><img loading=\"lazy\" decoding=\"async\" class=\" wp-image-37445\" src=\"https:\/\/www.tucomarca.com\/wordpress\/segunda\/wp-content\/uploads\/2015\/06\/pedrisco-e1433239895988.jpg\" alt=\"\" width=\"449\" height=\"359\" srcset=\"https:\/\/www.tucomarca.com\/wordpress\/segunda\/wp-content\/uploads\/2015\/06\/pedrisco-e1433239895988.jpg 716w, https:\/\/www.tucomarca.com\/wordpress\/segunda\/wp-content\/uploads\/2015\/06\/pedrisco-e1433239895988-300x239.jpg 300w\" sizes=\"auto, (max-width: 449px) 100vw, 449px\" \/><\/a><figcaption id=\"caption-attachment-37445\" class=\"wp-caption-text\">El pedrisco ha sido muy perjudicial para el campo. tc.c<\/figcaption><\/figure>\n<p>La tormenta de pedrisco que descarg\u00f3 con virulencia durante la tarde del martes sobre una amplia franja de terreno en la comarca de Utiel-Requena ha causado graves da\u00f1os en los cultivos de la vi\u00f1a \u2013muy especialmente- y \u2013en menor medida- de la almendra y del trigo. La Asociaci\u00f3n Valenciana de Agricultores (AVA-ASAJA) estima, en una primera valoraci\u00f3n, que la cuant\u00eda de los perjuicios ocasionados por la piedra asciende a unos 11 millones de euros. La granizada descarg\u00f3 con intensidad a lo largo y ancho de una superficie de 10.000 hect\u00e1reas de Utiel-Requena. Las zonas de Campo Arc\u00eds, Los Duques, Las Casas, Los Corrales, Los Pontones y Caudete de las Fuentes se encuentran entre las m\u00e1s afectadas.<\/p>\n<p>El vi\u00f1edo es, con diferencia, el cultivo que se ha llevado la peor parte, con grados de afecci\u00f3n que en algunas explotaciones llegan hasta el 80% de la cosecha. En estos momentos, estaban brotando las primeras yemas de las cepas y la p\u00e9rdida de las mismas por los efectos del pedrisco implica una sustancial reducci\u00f3n de la futura cosecha, ya que los llamados conos secundarios, caracter\u00edsticos de la segunda fase de la brotaci\u00f3n, producen una cantidad de uva sensiblemente inferior. Del total de las 10.000 hect\u00e1reas afectadas por la tormenta de piedra, alrededor de 9.000 corresponden al vi\u00f1edo, lo que permite estimar el coste de las p\u00e9rdidas econ\u00f3micas en torno a los 10,8 millones de euros.<\/p>\n<p>Almendro y trigo se reparten el resto de esa superficie total de 10.000 hect\u00e1reas y de los da\u00f1os globales de unos 11 millones que conforman el desolador balance de esta \u00faltima y violenta granizada. En el caso del almendro, el temporal ha tirado al suelo parte del fruto que estaba iniciando el periodo de cuajado, mientras que en trigo ha causado destrozos en parte de las espigas que comenzaban a crecer.<\/p>\n<p><strong>Reducci\u00f3n de las ayudas<\/strong><\/p>\n<p>Esta p\u00e9sima noticia coincide en el tiempo con el anuncio efectuado hoy en Valencia por los responsables de Enesa \u2013la entidad p\u00fablica dependiente del Ministerio de Agricultura que dise\u00f1a y gestiona los seguros agrarios\u2013 de que el nuevo plan de seguros para 2017 incluye un recorte de 10 puntos en la subvenci\u00f3n base de todas las l\u00edneas y en todos los cultivos, una decisi\u00f3n que se traducir\u00e1 en un encarecimiento medio de las p\u00f3lizas superior al 20%. De este modo se confirman los peores augurios, ya que el Gobierno, y pese a las reiteradas peticiones formuladas por AVA-ASAJA, no ha modificado el borrador de su programa de seguros para este a\u00f1o en el que ya se recog\u00eda su voluntad de rebajar el apoyo a la contrataci\u00f3n de esta herramienta fundamental para los agricultores, tal como denunci\u00f3 esta organizaci\u00f3n agraria el pasado mes de octubre.<\/p>\n<p>\u201cLamentablemente, -apunta el presidente de AVA-ASAJA, Crist\u00f3bal Aguado- el Gobierno ha hecho o\u00eddos sordos a nuestras reclamaciones, y va a llevar a cabo una reducci\u00f3n de las ayudas que tendr\u00e1 consecuencias muy negativas para el sector agrario porque va a dificultar extraordinariamente que miles de agricultores pueda asegurar sus cosechas. Al Gobierno le ha faltado sensibilidad en este tema y parece no entender que somos un sector descapitalizado y en crisis\u201d.<\/p>\n<p>Adem\u00e1s, el m\u00e1ximo responsable de AVA-ASAJA se\u00f1ala al respecto que esta decisi\u00f3n va a tener \u201cun efecto desincentivador de primer orden a la hora de contratar el seguro\u201d y recuerda que el recorte llevado a cabo en 2013 sobre esta misma partida supuso que el n\u00famero de p\u00f3lizas suscritas en el vi\u00f1edo bajase entonces un 60%, mientras que la ca\u00edda en c\u00edtricos fue del 30%.<\/p>\n","protected":false},"excerpt":{"rendered":"<div class=\"mh-excerpt\">La tormenta de pedrisco que descarg\u00f3 con virulencia durante la tarde del martes sobre una amplia franja de terreno en la comarca de Utiel-Requena ha causado graves da\u00f1os en los cultivos de la vi\u00f1a \u2013muy <a class=\"mh-excerpt-more\" href=\"https:\/\/www.tucomarca.com\/wordpress\/segunda\/la-ultima-tormenta-de-pedrisco-provoca-danos-importantes-en-10-000-hectareas-de-vinedo-almendro-y-trigo-de-utiel-requena-segun-ava\/\" title=\"La \u00faltima tormenta de pedrisco provoca da\u00f1os importantes en 10.000 hect\u00e1reas de vi\u00f1edo, almendro y trigo de Utiel-Requena, seg\u00fan AVA\">[+] <\/a><\/div>\n","protected":false},"author":1,"featured_media":37445,"comment_status":"open","ping_status":"open","sticky":false,"template":"","format":"standard","meta":{"footnotes":""},"categories":[169,112,37,8,117,28,27,3,116,29,45],"tags":[7623,1443,10387],"class_list":{"0":"post-56041","1":"post","2":"type-post","3":"status-publish","4":"format-standard","5":"has-post-thumbnail","7":"category-agricultura-la-comarca","8":"category-campo-arcis","9":"category-caudete","10":"category-la-comarca","11":"category-medio-ambiente-la-comarca","12":"category-requena","13":"category-requena-utiel","14":"category-seccion","15":"category-sucesos-la-comarca","16":"category-utiel","17":"category-ventana","18":"tag-ava","19":"tag-pedrisco","20":"tag-requena-utiel"},"_links":{"self":[{"href":"https:\/\/www.tucomarca.com\/wordpress\/segunda\/wp-json\/wp\/v2\/posts\/56041","targetHints":{"allow":["GET"]}}],"collection":[{"href":"https:\/\/www.tucomarca.com\/wordpress\/segunda\/wp-json\/wp\/v2\/posts"}],"about":[{"href":"https:\/\/www.tucomarca.com\/wordpress\/segunda\/wp-json\/wp\/v2\/types\/post"}],"author":[{"embeddable":true,"href":"https:\/\/www.tucomarca.com\/wordpress\/segunda\/wp-json\/wp\/v2\/users\/1"}],"replies":[{"embeddable":true,"href":"https:\/\/www.tucomarca.com\/wordpress\/segunda\/wp-json\/wp\/v2\/comments?post=56041"}],"version-history":[{"count":0,"href":"https:\/\/www.tucomarca.com\/wordpress\/segunda\/wp-json\/wp\/v2\/posts\/56041\/revisions"}],"wp:featuredmedia":[{"embeddable":true,"href":"https:\/\/www.tucomarca.com\/wordpress\/segunda\/wp-json\/wp\/v2\/media\/37445"}],"wp:attachment":[{"href":"https:\/\/www.tucomarca.com\/wordpress\/segunda\/wp-json\/wp\/v2\/media?parent=56041"}],"wp:term":[{"taxonomy":"category","embeddable":true,"href":"https:\/\/www.tucomarca.com\/wordpress\/segunda\/wp-json\/wp\/v2\/categories?post=56041"},{"taxonomy":"post_tag","embeddable":true,"href":"https:\/\/www.tucomarca.com\/wordpress\/segunda\/wp-json\/wp\/v2\/tags?post=56041"}],"curies":[{"name":"wp","href":"https:\/\/api.w.org\/{rel}","templated":true}]}}