{"id":56075,"date":"2017-04-22T14:24:05","date_gmt":"2017-04-22T12:24:05","guid":{"rendered":"http:\/\/www.tucomarca.com\/wordpress\/segunda\/?p=56075"},"modified":"2017-04-22T14:24:05","modified_gmt":"2017-04-22T12:24:05","slug":"el-pleno-de-riba-roja-aprueba-la-celebracion-de-un-debate-anual-sobre-la-actualidad-municipal","status":"publish","type":"post","link":"https:\/\/www.tucomarca.com\/wordpress\/segunda\/el-pleno-de-riba-roja-aprueba-la-celebracion-de-un-debate-anual-sobre-la-actualidad-municipal\/","title":{"rendered":"El Pleno de Riba-Roja aprueba la celebraci\u00f3n de un debate anual sobre la actualidad municipal"},"content":{"rendered":"<figure id=\"attachment_56076\" aria-describedby=\"caption-attachment-56076\" style=\"width: 556px\" class=\"wp-caption alignleft\"><img loading=\"lazy\" decoding=\"async\" class=\" wp-image-56076\" src=\"https:\/\/www.tucomarca.com\/wordpress\/segunda\/wp-content\/uploads\/2017\/04\/riba_roja_pleno.jpg\" alt=\"La moci\u00f3n sali\u00f3 adelante con los votos del equipo de gobierno -PSPV, Comprom\u00eds y Esquerra Unida- y Riba-roja Pot.\" width=\"556\" height=\"416\" srcset=\"https:\/\/www.tucomarca.com\/wordpress\/segunda\/wp-content\/uploads\/2017\/04\/riba_roja_pleno.jpg 709w, https:\/\/www.tucomarca.com\/wordpress\/segunda\/wp-content\/uploads\/2017\/04\/riba_roja_pleno-300x225.jpg 300w\" sizes=\"auto, (max-width: 556px) 100vw, 556px\" \/><figcaption id=\"caption-attachment-56076\" class=\"wp-caption-text\"><em>La moci\u00f3n sali\u00f3 adelante con los votos del equipo de gobierno -PSPV, Comprom\u00eds y Esquerra Unida- y Riba-roja Pot.<\/em><\/figcaption><\/figure>\n<p><strong>La convocatoria se celebrar\u00e1 cada a\u00f1o durante el mes de junio.<\/strong><\/p>\n<p>El pleno del Ayuntamiento de Riba-roja de T\u00faria ha aprobado por unanimidad de todos los grupos pol\u00edticos una propuesta de Ciudadanos para celebrar anualmente un debate p\u00fablico sobre el estado del municipio con la finalidad principal de tratar todos los temas que afectan a la localidad a lo largo del \u00faltimo a\u00f1o. La moci\u00f3n sali\u00f3 adelante con los votos del equipo de gobierno -PSPV, Comprom\u00eds y Esquerra Unida- y Riba-roja Pot.<\/p>\n<p>El texto de la moci\u00f3n refrendada en Riba-roja de T\u00faria prev\u00e9 que los debates tengan lugar a lo largo del mes de junio de cada a\u00f1o, coincidiendo con el a\u00f1o de la legislatura, para poder tratar todos los temas acontecidos durante el citado periodo en la localidad. En el mismo se debatir\u00e1n asuntos <i>\u00abde competencia municipal y aquellos otros que, sin serlo, hayan supuesto alg\u00fan tipo de actuaci\u00f3n del equipo de gobierno y de los partidos de la oposici\u00f3n\u00bb.\u00a0<\/i><\/p>\n<p>La propuesta considera que este tipo de iniciativas permite a la ciudadan\u00eda <i>\u00abconocer de primera mano la pol\u00edtica llevada a cabo por el gobierno local\u00bb<\/i> a imagen y semejanza de los que se realizan desde hace a\u00f1os en otros \u00e1mbitos, especialmente los del estado de la naci\u00f3n y los debates auton\u00f3micos que se celebran en las respectivas sedes parlamentarias.<\/p>\n<p>El formato propuesto por la formaci\u00f3n Ciudadanos establece que tendr\u00e1n un car\u00e1cter anual durante el mes de junio que no coincida con la habitual sesi\u00f3n plenaria ordinaria y con un horario vespertino con el \u00e1nimo de propiciar una mayor presencia y participaci\u00f3n durante el mismo por parte de los vecinos de Riba-roja que podr\u00e1n interesarse por los temas de actualidad.<\/p>\n<p>As\u00ed, la sesi\u00f3n del debate municipal se iniciar\u00e1 con una intervenci\u00f3n del alcalde sobre la situaci\u00f3n general de la localidad y de las l\u00edneas maestras de su acci\u00f3n de gobierno, con una duraci\u00f3n m\u00e1xima de tiempo de veinte minutos, seg\u00fan fija la moci\u00f3n aprobada por el pleno de la localidad a instancia de Ciudadanos. A continuaci\u00f3n, intervendr\u00e1n los portavoces de cada grupo pol\u00edtico, de mayor a menor representaci\u00f3n plenaria, durante otros veinte minutos. Posteriormente, el alcalde responder\u00e1 a cada cuesti\u00f3n planteada por los grupos pol\u00edticos en una intervenci\u00f3n conjunta durante otros diez minutos. Cada grupo pol\u00edtico, por su parte, podr\u00e1 replicar\u00e1 durante diez minutos como m\u00e1ximo.<\/p>\n<p>La sesi\u00f3n del debate sobre la situaci\u00f3n del municipio se cerrar\u00e1 con cinco minutos por parte del alcalde que dar\u00e1n paso, finalmente, al turno de preguntas por parte del p\u00fablico asistente.<\/p>\n<p>La moci\u00f3n justifica esta propuesta en aras de la transparencia y la informaci\u00f3n necesaria sobre los asuntos de inter\u00e9s p\u00fablico. <i>\u00abDespu\u00e9s de muchos a\u00f1os con multitud de casos de corrupci\u00f3n y de exageraciones urban\u00edsticas, entramos en una nueva fase en la que los vecinos nos exigen mayor trasparencia y participaci\u00f3n, por ello, muchos ayuntamientos de nuestro pa\u00eds han incorporado a sus reglamentos de obligaci\u00f3n de convocar anualmente un pleno extraordinario monogr\u00e1fico para debatir sobre el estado del municipio\u00bb,<\/i> especifica el texto aprobado.<\/p>\n","protected":false},"excerpt":{"rendered":"<div class=\"mh-excerpt\">La convocatoria se celebrar\u00e1 cada a\u00f1o durante el mes de junio. El pleno del Ayuntamiento de Riba-roja de T\u00faria ha aprobado por unanimidad de todos los grupos pol\u00edticos una propuesta de Ciudadanos para celebrar anualmente <a class=\"mh-excerpt-more\" href=\"https:\/\/www.tucomarca.com\/wordpress\/segunda\/el-pleno-de-riba-roja-aprueba-la-celebracion-de-un-debate-anual-sobre-la-actualidad-municipal\/\" title=\"El Pleno de Riba-Roja aprueba la celebraci\u00f3n de un debate anual sobre la actualidad municipal\">[+] <\/a><\/div>\n","protected":false},"author":2,"featured_media":56076,"comment_status":"open","ping_status":"open","sticky":false,"template":"","format":"standard","meta":{"footnotes":""},"categories":[46,8,72,142,182,3,45],"tags":[10505,8900],"class_list":{"0":"post-56075","1":"post","2":"type-post","3":"status-publish","4":"format-standard","5":"has-post-thumbnail","7":"category-camp-de-turia","8":"category-la-comarca","9":"category-sin-categorizar","10":"category-politica-la-comarca","11":"category-riba-roja","12":"category-seccion","13":"category-ventana","14":"tag-actualidad-municipal","15":"tag-riba-roja-del-turia"},"_links":{"self":[{"href":"https:\/\/www.tucomarca.com\/wordpress\/segunda\/wp-json\/wp\/v2\/posts\/56075","targetHints":{"allow":["GET"]}}],"collection":[{"href":"https:\/\/www.tucomarca.com\/wordpress\/segunda\/wp-json\/wp\/v2\/posts"}],"about":[{"href":"https:\/\/www.tucomarca.com\/wordpress\/segunda\/wp-json\/wp\/v2\/types\/post"}],"author":[{"embeddable":true,"href":"https:\/\/www.tucomarca.com\/wordpress\/segunda\/wp-json\/wp\/v2\/users\/2"}],"replies":[{"embeddable":true,"href":"https:\/\/www.tucomarca.com\/wordpress\/segunda\/wp-json\/wp\/v2\/comments?post=56075"}],"version-history":[{"count":0,"href":"https:\/\/www.tucomarca.com\/wordpress\/segunda\/wp-json\/wp\/v2\/posts\/56075\/revisions"}],"wp:featuredmedia":[{"embeddable":true,"href":"https:\/\/www.tucomarca.com\/wordpress\/segunda\/wp-json\/wp\/v2\/media\/56076"}],"wp:attachment":[{"href":"https:\/\/www.tucomarca.com\/wordpress\/segunda\/wp-json\/wp\/v2\/media?parent=56075"}],"wp:term":[{"taxonomy":"category","embeddable":true,"href":"https:\/\/www.tucomarca.com\/wordpress\/segunda\/wp-json\/wp\/v2\/categories?post=56075"},{"taxonomy":"post_tag","embeddable":true,"href":"https:\/\/www.tucomarca.com\/wordpress\/segunda\/wp-json\/wp\/v2\/tags?post=56075"}],"curies":[{"name":"wp","href":"https:\/\/api.w.org\/{rel}","templated":true}]}}