{"id":56230,"date":"2017-04-28T09:33:27","date_gmt":"2017-04-28T07:33:27","guid":{"rendered":"http:\/\/www.tucomarca.com\/wordpress\/segunda\/?p=56230"},"modified":"2017-04-28T09:33:27","modified_gmt":"2017-04-28T07:33:27","slug":"la-generalitat-y-el-ayuntamiento-de-alzira-colaboraran-para-desarrollar-un-plan-de-intervencion-que-revitalice-la-plaza-de-la-ribera","status":"publish","type":"post","link":"https:\/\/www.tucomarca.com\/wordpress\/segunda\/la-generalitat-y-el-ayuntamiento-de-alzira-colaboraran-para-desarrollar-un-plan-de-intervencion-que-revitalice-la-plaza-de-la-ribera\/","title":{"rendered":"La Generalitat y el Ayuntamiento de Alzira colaborar\u00e1n para desarrollar un plan de intervenci\u00f3n que revitalice la plaza de la Ribera"},"content":{"rendered":"<figure id=\"attachment_56231\" aria-describedby=\"caption-attachment-56231\" style=\"width: 300px\" class=\"wp-caption alignleft\"><a href=\"https:\/\/www.tucomarca.com\/wordpress\/segunda\/wp-content\/uploads\/2017\/04\/AlziraGeneralitat.jpg\"><img loading=\"lazy\" decoding=\"async\" class=\"size-medium wp-image-56231\" src=\"https:\/\/www.tucomarca.com\/wordpress\/segunda\/wp-content\/uploads\/2017\/04\/AlziraGeneralitat-300x225.jpg\" alt=\"La Generalitat y el Ayuntamiento de Alzira colaborar\u00e1n para desarrollar un plan de intervenci\u00f3n que revitalice la plaza de la Ribera.\" width=\"300\" height=\"225\" srcset=\"https:\/\/www.tucomarca.com\/wordpress\/segunda\/wp-content\/uploads\/2017\/04\/AlziraGeneralitat-300x225.jpg 300w, https:\/\/www.tucomarca.com\/wordpress\/segunda\/wp-content\/uploads\/2017\/04\/AlziraGeneralitat-768x576.jpg 768w, https:\/\/www.tucomarca.com\/wordpress\/segunda\/wp-content\/uploads\/2017\/04\/AlziraGeneralitat-1024x768.jpg 1024w, https:\/\/www.tucomarca.com\/wordpress\/segunda\/wp-content\/uploads\/2017\/04\/AlziraGeneralitat.jpg 1600w\" sizes=\"auto, (max-width: 300px) 100vw, 300px\" \/><\/a><figcaption id=\"caption-attachment-56231\" class=\"wp-caption-text\">La Generalitat y el Ayuntamiento de Alzira colaborar\u00e1n para desarrollar un plan de intervenci\u00f3n que revitalice la plaza de la Ribera.<\/figcaption><\/figure>\n<p>La Conselleria de Vivienda, Obras P\u00fablicas y Vertebraci\u00f3n del Territorio y el Ayuntamiento de Alzira\u00a0colaborar\u00e1n\u00a0para desarrollar un plan de intervenci\u00f3n que revitalizar\u00e1 el entorno de la Plaza de la Ribera. As\u00ed se ha trasladado en una reuni\u00f3n mantenida entre la directora general de la Entidad de Infraestructuras de la Generalitat (EIGE), Helena Beunza, el alcalde de Alzira, Diego G\u00f3mez, y el concejal de Urbanismo de la ciudad, Fernando Pascual Moscard\u00f3.<\/p>\n<p>Para llevarlo a cabo esta intervenci\u00f3n en plaza de la Ribera, en la reuni\u00f3n se han adoptados varios acuerdos. El primero de ellos incluye una actuaci\u00f3n a corto plazo en la que Concejal\u00eda de Urbanismo de Alzira y el departamento de Conservaci\u00f3n de EIGE a\u00fanen esfuerzos para ganar rapidez y coordinaci\u00f3n en una intervenci\u00f3n puntual de mejora de elementos comunes.<\/p>\n<p>En una segunda fase, a medio plazo, se ha considerado necesaria estudiar la remodelaci\u00f3n integral de la plaza de la Ribera que implicar\u00e1 una intervenci\u00f3n de mejora en espacios p\u00fablicos, elementos comunes y en viviendas. Para ello, se ha explicado que EIGE elaborar\u00e1 una propuesta de memoria que establezca las actuaciones a llevar a cabo y que gestionar\u00e1 junto a la Direcci\u00f3n General de Vivienda, para que puedan incluirse en los planes de intervenci\u00f3n de rehabilitaci\u00f3n de la Generalitat.<\/p>\n<p>La directora general de EIGE tambi\u00e9n ha comentado que, mientras se analicen desde el correspondiente informe t\u00e9cnico las cuestiones estructurales a abordar, \u00abse colaborar\u00e1 en \u00a0un plan de intervenci\u00f3n social en la Plaza de la Ribera conjuntamente con los servicios sociales municipales con el objetivo de dotar de un mayor dinamismo a esta zona de Alzira\u00bb.<\/p>\n<p>Adem\u00e1s de los planes de normalizaci\u00f3n de viviendas, uno de los puntos de este plan ser\u00e1 el estudio de los posibles usos que se puede hacer de las plantas bajas de los grupos de viviendas p\u00fablicas de la Generalitat con acciones que puedan estimular la actividad de los residentes de la zona.<\/p>\n<p>Helena Beunza ha explicado que mediante este plan, \u00abqueremos potenciar el trabajo conjunto entre las administraciones para dar una soluci\u00f3n real y un impulso a esta zona con necesidades espec\u00edficas de Alzira, en la que existen un n\u00famero importante de viviendas deshabitadas. Todo ello, en una acci\u00f3n que perdure en el tiempo\u00bb.<\/p>\n<p>La conselleria que dirige Mar\u00eda Jos\u00e9 Salvador gestiona en Alzira 95 viviendas p\u00fablicas, de las que 59 pertenecen a dos bloques de la plaza de la Ribera. Desde julio de 2015, la Generalitat ha invertido 56.000 euros en la mejora de viviendas y ha adjudicado cinco viviendas en este municipio, de las cuales una se ha cedido a una familia afectada por una ejecuci\u00f3n hipotecaria.<\/p>\n","protected":false},"excerpt":{"rendered":"<div class=\"mh-excerpt\">La Conselleria de Vivienda, Obras P\u00fablicas y Vertebraci\u00f3n del Territorio y el Ayuntamiento de Alzira\u00a0colaborar\u00e1n\u00a0para desarrollar un plan de intervenci\u00f3n que revitalizar\u00e1 el entorno de la Plaza de la Ribera. As\u00ed se ha trasladado en <a class=\"mh-excerpt-more\" href=\"https:\/\/www.tucomarca.com\/wordpress\/segunda\/la-generalitat-y-el-ayuntamiento-de-alzira-colaboraran-para-desarrollar-un-plan-de-intervencion-que-revitalice-la-plaza-de-la-ribera\/\" title=\"La Generalitat y el Ayuntamiento de Alzira colaborar\u00e1n para desarrollar un plan de intervenci\u00f3n que revitalice la plaza de la Ribera\">[+] <\/a><\/div>\n","protected":false},"author":1,"featured_media":56231,"comment_status":"open","ping_status":"open","sticky":false,"template":"","format":"standard","meta":{"footnotes":""},"categories":[69,128,8,72,42,142,3,45],"tags":[10402,3640],"class_list":{"0":"post-56230","1":"post","2":"type-post","3":"status-publish","4":"format-standard","5":"has-post-thumbnail","7":"category-alzira","8":"category-infraestructuras","9":"category-la-comarca","10":"category-sin-categorizar","11":"category-la-ribera","12":"category-politica-la-comarca","13":"category-seccion","14":"category-ventana","15":"tag-alzira","16":"tag-la-ribera-alta"},"_links":{"self":[{"href":"https:\/\/www.tucomarca.com\/wordpress\/segunda\/wp-json\/wp\/v2\/posts\/56230","targetHints":{"allow":["GET"]}}],"collection":[{"href":"https:\/\/www.tucomarca.com\/wordpress\/segunda\/wp-json\/wp\/v2\/posts"}],"about":[{"href":"https:\/\/www.tucomarca.com\/wordpress\/segunda\/wp-json\/wp\/v2\/types\/post"}],"author":[{"embeddable":true,"href":"https:\/\/www.tucomarca.com\/wordpress\/segunda\/wp-json\/wp\/v2\/users\/1"}],"replies":[{"embeddable":true,"href":"https:\/\/www.tucomarca.com\/wordpress\/segunda\/wp-json\/wp\/v2\/comments?post=56230"}],"version-history":[{"count":0,"href":"https:\/\/www.tucomarca.com\/wordpress\/segunda\/wp-json\/wp\/v2\/posts\/56230\/revisions"}],"wp:featuredmedia":[{"embeddable":true,"href":"https:\/\/www.tucomarca.com\/wordpress\/segunda\/wp-json\/wp\/v2\/media\/56231"}],"wp:attachment":[{"href":"https:\/\/www.tucomarca.com\/wordpress\/segunda\/wp-json\/wp\/v2\/media?parent=56230"}],"wp:term":[{"taxonomy":"category","embeddable":true,"href":"https:\/\/www.tucomarca.com\/wordpress\/segunda\/wp-json\/wp\/v2\/categories?post=56230"},{"taxonomy":"post_tag","embeddable":true,"href":"https:\/\/www.tucomarca.com\/wordpress\/segunda\/wp-json\/wp\/v2\/tags?post=56230"}],"curies":[{"name":"wp","href":"https:\/\/api.w.org\/{rel}","templated":true}]}}