{"id":56233,"date":"2017-04-29T09:51:12","date_gmt":"2017-04-29T07:51:12","guid":{"rendered":"http:\/\/www.tucomarca.com\/wordpress\/segunda\/?p=56233"},"modified":"2017-04-29T09:51:12","modified_gmt":"2017-04-29T07:51:12","slug":"pilar-moncho-la-sostenibilidad-turistica-ha-de-ser-medioambiental-y-tambien-financiera","status":"publish","type":"post","link":"https:\/\/www.tucomarca.com\/wordpress\/segunda\/pilar-moncho-la-sostenibilidad-turistica-ha-de-ser-medioambiental-y-tambien-financiera\/","title":{"rendered":"Pilar Moncho: \u201cLa sostenibilidad tur\u00edstica ha de ser medioambiental y tambi\u00e9n financiera\u201d"},"content":{"rendered":"<figure id=\"attachment_56268\" aria-describedby=\"caption-attachment-56268\" style=\"width: 605px\" class=\"wp-caption alignleft\"><a href=\"https:\/\/www.tucomarca.com\/wordpress\/segunda\/wp-content\/uploads\/2017\/04\/Inauguracion_jornadas_manco.jpg\"><img loading=\"lazy\" decoding=\"async\" class=\" wp-image-56268\" src=\"https:\/\/www.tucomarca.com\/wordpress\/segunda\/wp-content\/uploads\/2017\/04\/Inauguracion_jornadas_manco-1024x576.jpg\" alt=\"Ponentes y responsables de Turisme, Pilar Moncho; y la mancomunidad, Rafa Fora.\" width=\"605\" height=\"340\" srcset=\"https:\/\/www.tucomarca.com\/wordpress\/segunda\/wp-content\/uploads\/2017\/04\/Inauguracion_jornadas_manco-1024x576.jpg 1024w, https:\/\/www.tucomarca.com\/wordpress\/segunda\/wp-content\/uploads\/2017\/04\/Inauguracion_jornadas_manco-300x169.jpg 300w, https:\/\/www.tucomarca.com\/wordpress\/segunda\/wp-content\/uploads\/2017\/04\/Inauguracion_jornadas_manco-768x432.jpg 768w, https:\/\/www.tucomarca.com\/wordpress\/segunda\/wp-content\/uploads\/2017\/04\/Inauguracion_jornadas_manco.jpg 1328w\" sizes=\"auto, (max-width: 605px) 100vw, 605px\" \/><\/a><figcaption id=\"caption-attachment-56268\" class=\"wp-caption-text\">Ponentes y responsables de Turisme, Pilar Moncho; y la mancomunidad, Rafa Fora.<\/figcaption><\/figure>\n<p>La vicepresidenta del Patronat de Turisme y diputada de Turismo de la Diputaci\u00f3n de Valencia, Pilar Moncho, ha inaugurado la I Jornada Comarcal de Sostenibilidad en \u00c1reas Tur\u00edsticas celebrada hoy en Y\u00e1tova, en la sede de la Mancomunidad de la Hoya de Bu\u00f1ol-Chiva. Tambi\u00e9n han participado en la inauguraci\u00f3n el presidente de la Mancomunidad y alcalde Godelleta, Rafael Fora.<\/p>\n<p>La vicepresidenta del Patronat de Turisme ha felicitado a los organizadores de la primera edici\u00f3n de estas jornadas que han contado con la colaboraci\u00f3n de Val\u00e8ncia Turisme. \u201cSomos conscientes y estamos concienciados de la prioritaria necesidad de cuidar y respetar el medio ambiente, no s\u00f3lo a prop\u00f3sito de la celebraci\u00f3n del A\u00f1o internacional del Turismo Sostenible sino siempre, es una m\u00e1xima que inspira todas nuestras acciones y marca nuestra gesti\u00f3n\u201d.<\/p>\n<p><strong>Solidaridad territorial<\/strong><\/p>\n<p>La m\u00e1xima responsable del \u00c1rea de Turismo de la Diputaci\u00f3n ha destacado que la sostenibilidad tur\u00edstica \u201cha de ser medioambiental, por supuesto, porque el paisaje es el recurso por excelencia que, adem\u00e1s, debe convertirse en producto tur\u00edstico, pero tambi\u00e9n ha de ser financiera para garantizar la creaci\u00f3n y la continuidad de las empresas del sector tur\u00edstico encargadas de encauzar ese viaje del recurso al producto, con el apoyo de las instituciones p\u00fablicas\u201d.<\/p>\n<p>En este sentido, Pilar Moncho ha reivindicado una colaboraci\u00f3n a\u00fan m\u00e1s estrecha entre los sectores privado y p\u00fablico. \u201cLa cooperaci\u00f3n es necesaria a todos los niveles y en todos los \u00e1mbitos y debe ir acompa\u00f1ada tambi\u00e9n de acciones territorialmente solidarias, esto es, hemos de trabajar en clave comarcal, ser solidarios y ofertar todo lo que hay en el territorio sin barreras ni fronteras locales\u201d.<\/p>\n<p><strong>\u00c9xito tur\u00edstico<\/strong><\/p>\n<p>Sobre las excelentes cifras de ocupaci\u00f3n tur\u00edstica registradas durante el reciente periodo vacacional, Pilar Moncho ha asegurado que \u201cauguran una magn\u00edfica campa\u00f1a estival porque Semana Santa y Pascua son un bar\u00f3metro certero. Las cifras van bien y estos buenos datos deben motivarnos para seguir trabajando en la misma l\u00ednea, con programas y acciones que aporten m\u00e1s bienestar a los trabajadores del sector y m\u00e1s sostenibilidad al territorio\u201d.<\/p>\n<p>La I Jornada Comarcal de Sostenibilidad en \u00c1reas Tur\u00edsticas ha contado tambi\u00e9n con la intervenci\u00f3n del responsable de Gesti\u00f3n Tur\u00edstica del Patronat de Turisme, Evarist Caselles, representantes de acciones tur\u00edsticas de 12 municipios de la comarca as\u00ed como el secretario auton\u00f3mico de Turismo, Francesc Colomer, encargado de la clausura.<\/p>\n","protected":false},"excerpt":{"rendered":"<div class=\"mh-excerpt\">La vicepresidenta del Patronat de Turisme y diputada de Turismo de la Diputaci\u00f3n de Valencia, Pilar Moncho, ha inaugurado la I Jornada Comarcal de Sostenibilidad en \u00c1reas Tur\u00edsticas celebrada hoy en Y\u00e1tova, en la sede <a class=\"mh-excerpt-more\" href=\"https:\/\/www.tucomarca.com\/wordpress\/segunda\/pilar-moncho-la-sostenibilidad-turistica-ha-de-ser-medioambiental-y-tambien-financiera\/\" title=\"Pilar Moncho: \u201cLa sostenibilidad tur\u00edstica ha de ser medioambiental y tambi\u00e9n financiera\u201d\">[+] <\/a><\/div>\n","protected":false},"author":1,"featured_media":56268,"comment_status":"open","ping_status":"open","sticky":false,"template":"","format":"standard","meta":{"footnotes":""},"categories":[376,70,8],"tags":[529,5952,386,10380],"class_list":{"0":"post-56233","1":"post","2":"type-post","3":"status-publish","4":"format-standard","5":"has-post-thumbnail","7":"category-bolbaite","8":"category-la-canal-de-navarres","9":"category-la-comarca","10":"tag-la-hoya-2","11":"tag-la-hoya-de-bunol-chiva","12":"tag-mancomunidad","13":"tag-yatova"},"_links":{"self":[{"href":"https:\/\/www.tucomarca.com\/wordpress\/segunda\/wp-json\/wp\/v2\/posts\/56233","targetHints":{"allow":["GET"]}}],"collection":[{"href":"https:\/\/www.tucomarca.com\/wordpress\/segunda\/wp-json\/wp\/v2\/posts"}],"about":[{"href":"https:\/\/www.tucomarca.com\/wordpress\/segunda\/wp-json\/wp\/v2\/types\/post"}],"author":[{"embeddable":true,"href":"https:\/\/www.tucomarca.com\/wordpress\/segunda\/wp-json\/wp\/v2\/users\/1"}],"replies":[{"embeddable":true,"href":"https:\/\/www.tucomarca.com\/wordpress\/segunda\/wp-json\/wp\/v2\/comments?post=56233"}],"version-history":[{"count":0,"href":"https:\/\/www.tucomarca.com\/wordpress\/segunda\/wp-json\/wp\/v2\/posts\/56233\/revisions"}],"wp:featuredmedia":[{"embeddable":true,"href":"https:\/\/www.tucomarca.com\/wordpress\/segunda\/wp-json\/wp\/v2\/media\/56268"}],"wp:attachment":[{"href":"https:\/\/www.tucomarca.com\/wordpress\/segunda\/wp-json\/wp\/v2\/media?parent=56233"}],"wp:term":[{"taxonomy":"category","embeddable":true,"href":"https:\/\/www.tucomarca.com\/wordpress\/segunda\/wp-json\/wp\/v2\/categories?post=56233"},{"taxonomy":"post_tag","embeddable":true,"href":"https:\/\/www.tucomarca.com\/wordpress\/segunda\/wp-json\/wp\/v2\/tags?post=56233"}],"curies":[{"name":"wp","href":"https:\/\/api.w.org\/{rel}","templated":true}]}}