{"id":56283,"date":"2017-05-03T14:09:50","date_gmt":"2017-05-03T12:09:50","guid":{"rendered":"http:\/\/www.tucomarca.com\/wordpress\/segunda\/?p=56283"},"modified":"2017-05-03T14:09:50","modified_gmt":"2017-05-03T12:09:50","slug":"francesc-gonzalez-presenta-su-nuevo-libro-cuentos-cortos-ideales-y-sin-filtro","status":"publish","type":"post","link":"https:\/\/www.tucomarca.com\/wordpress\/segunda\/francesc-gonzalez-presenta-su-nuevo-libro-cuentos-cortos-ideales-y-sin-filtro\/","title":{"rendered":"Francesc Gonz\u00e1lez presenta su nuevo libro \u00abCuentos cortos, ideales y sin filtro\u00bb"},"content":{"rendered":"<figure id=\"attachment_56288\" aria-describedby=\"caption-attachment-56288\" style=\"width: 456px\" class=\"wp-caption alignleft\"><a href=\"https:\/\/www.tucomarca.com\/wordpress\/segunda\/wp-content\/uploads\/2017\/04\/Francesc_llibre.jpg\"><img loading=\"lazy\" decoding=\"async\" class=\" wp-image-56288\" src=\"https:\/\/www.tucomarca.com\/wordpress\/segunda\/wp-content\/uploads\/2017\/04\/Francesc_llibre.jpg\" alt=\"Francesc Gonz\u00e1lez acompa\u00f1ado de Anna Ballester y Emilio Tadeo.\" width=\"456\" height=\"307\" srcset=\"https:\/\/www.tucomarca.com\/wordpress\/segunda\/wp-content\/uploads\/2017\/04\/Francesc_llibre.jpg 709w, https:\/\/www.tucomarca.com\/wordpress\/segunda\/wp-content\/uploads\/2017\/04\/Francesc_llibre-300x202.jpg 300w\" sizes=\"auto, (max-width: 456px) 100vw, 456px\" \/><\/a><figcaption id=\"caption-attachment-56288\" class=\"wp-caption-text\">Francesc Gonz\u00e1lez acompa\u00f1ado de Anna Ballester y Emilio Tadeo.<\/figcaption><\/figure>\n<p>Como avanz\u00f3 tucomarca.com en su edici\u00f3n en papel, el gestor cultural de Chiva, Francesc Gonz\u00e1lez, present\u00f3 la pasada semana su libro e microrrelatos Cuentos cortos, ideales y sin filtro, edici\u00f3n biling\u00fce, en la 52 edici\u00f3n de la \u00abFira del Llibre de Val\u00e8ncia\u00bb.<\/p>\n<p>Estos microrrelatos cuentan con ilustraciones de ilustres firmas que esclarecen, anotan y enriquecen los textos, para mayor goce y disfrute de los lectores.<\/p>\n<p>En la presentaci\u00f3n Francesc estuvo acompa\u00f1ado de Anna Ballester, activista cultural y escritora; de Emilo Tadeo, catedr\u00e1tico de Lengua y Literatura que durante algunos a\u00f1os en los 80 imparti\u00f3 clases en el IES de Bu\u00f1ol; y Vicente Cort\u00e9s, cuentacuentos, entre muchos amigos que quisieron participar en la lectura a modo de una performance colectiva.<\/p>\n","protected":false},"excerpt":{"rendered":"<div class=\"mh-excerpt\">Como avanz\u00f3 tucomarca.com en su edici\u00f3n en papel, el gestor cultural de Chiva, Francesc Gonz\u00e1lez, present\u00f3 la pasada semana su libro e microrrelatos Cuentos cortos, ideales y sin filtro, edici\u00f3n biling\u00fce, en la 52 edici\u00f3n <a class=\"mh-excerpt-more\" href=\"https:\/\/www.tucomarca.com\/wordpress\/segunda\/francesc-gonzalez-presenta-su-nuevo-libro-cuentos-cortos-ideales-y-sin-filtro\/\" title=\"Francesc Gonz\u00e1lez presenta su nuevo libro \u00abCuentos cortos, ideales y sin filtro\u00bb\">[+] <\/a><\/div>\n","protected":false},"author":1,"featured_media":56288,"comment_status":"open","ping_status":"open","sticky":false,"template":"","format":"standard","meta":{"footnotes":""},"categories":[16,10,7,3,45],"tags":[5952],"class_list":{"0":"post-56283","1":"post","2":"type-post","3":"status-publish","4":"format-standard","5":"has-post-thumbnail","7":"category-chiva","8":"category-la-hoya","9":"category-ocio-y-cultura","10":"category-seccion","11":"category-ventana","12":"tag-la-hoya-de-bunol-chiva"},"_links":{"self":[{"href":"https:\/\/www.tucomarca.com\/wordpress\/segunda\/wp-json\/wp\/v2\/posts\/56283","targetHints":{"allow":["GET"]}}],"collection":[{"href":"https:\/\/www.tucomarca.com\/wordpress\/segunda\/wp-json\/wp\/v2\/posts"}],"about":[{"href":"https:\/\/www.tucomarca.com\/wordpress\/segunda\/wp-json\/wp\/v2\/types\/post"}],"author":[{"embeddable":true,"href":"https:\/\/www.tucomarca.com\/wordpress\/segunda\/wp-json\/wp\/v2\/users\/1"}],"replies":[{"embeddable":true,"href":"https:\/\/www.tucomarca.com\/wordpress\/segunda\/wp-json\/wp\/v2\/comments?post=56283"}],"version-history":[{"count":0,"href":"https:\/\/www.tucomarca.com\/wordpress\/segunda\/wp-json\/wp\/v2\/posts\/56283\/revisions"}],"wp:featuredmedia":[{"embeddable":true,"href":"https:\/\/www.tucomarca.com\/wordpress\/segunda\/wp-json\/wp\/v2\/media\/56288"}],"wp:attachment":[{"href":"https:\/\/www.tucomarca.com\/wordpress\/segunda\/wp-json\/wp\/v2\/media?parent=56283"}],"wp:term":[{"taxonomy":"category","embeddable":true,"href":"https:\/\/www.tucomarca.com\/wordpress\/segunda\/wp-json\/wp\/v2\/categories?post=56283"},{"taxonomy":"post_tag","embeddable":true,"href":"https:\/\/www.tucomarca.com\/wordpress\/segunda\/wp-json\/wp\/v2\/tags?post=56283"}],"curies":[{"name":"wp","href":"https:\/\/api.w.org\/{rel}","templated":true}]}}