{"id":56294,"date":"2017-05-03T13:36:13","date_gmt":"2017-05-03T11:36:13","guid":{"rendered":"http:\/\/www.tucomarca.com\/wordpress\/segunda\/?p=56294"},"modified":"2017-05-03T13:36:13","modified_gmt":"2017-05-03T11:36:13","slug":"la-generalitat-protege-la-linea-defensiva-la-inmediata-el-puig-carassols-en-el-catalogo-de-vestigios-de-la-guerra-civil","status":"publish","type":"post","link":"https:\/\/www.tucomarca.com\/wordpress\/segunda\/la-generalitat-protege-la-linea-defensiva-la-inmediata-el-puig-carassols-en-el-catalogo-de-vestigios-de-la-guerra-civil\/","title":{"rendered":"La Generalitat protege la l\u00ednea defensiva \u00abLa Inmediata El Puig-Carassols\u00bb en el cat\u00e1logo de vestigios de la guerra civil"},"content":{"rendered":"<figure id=\"attachment_56319\" aria-describedby=\"caption-attachment-56319\" style=\"width: 968px\" class=\"wp-caption alignleft\"><a href=\"https:\/\/www.tucomarca.com\/wordpress\/segunda\/wp-content\/uploads\/2017\/05\/Riba_Roja_LaInmediata.jpg\"><img loading=\"lazy\" decoding=\"async\" class=\" wp-image-56319\" src=\"https:\/\/www.tucomarca.com\/wordpress\/segunda\/wp-content\/uploads\/2017\/05\/Riba_Roja_LaInmediata-1024x768.jpg\" alt=\"Participantes en la iniciativa para recuperar y conservar los vestigios de la Guerra Civil.\" width=\"968\" height=\"726\" srcset=\"https:\/\/www.tucomarca.com\/wordpress\/segunda\/wp-content\/uploads\/2017\/05\/Riba_Roja_LaInmediata-1024x768.jpg 1024w, https:\/\/www.tucomarca.com\/wordpress\/segunda\/wp-content\/uploads\/2017\/05\/Riba_Roja_LaInmediata-300x225.jpg 300w, https:\/\/www.tucomarca.com\/wordpress\/segunda\/wp-content\/uploads\/2017\/05\/Riba_Roja_LaInmediata-768x576.jpg 768w, https:\/\/www.tucomarca.com\/wordpress\/segunda\/wp-content\/uploads\/2017\/05\/Riba_Roja_LaInmediata.jpg 1600w\" sizes=\"auto, (max-width: 968px) 100vw, 968px\" \/><\/a><figcaption id=\"caption-attachment-56319\" class=\"wp-caption-text\">Participantes en la iniciativa para recuperar y conservar los vestigios de la Guerra Civil.<\/figcaption><\/figure>\n<p><b><\/b>La Generalitat Valenciana ha dado un espaldarazo p\u00fablico a la l\u00ednea defensiva La Inmediata, un trayecto de 26 kil\u00f3metros que discurre entre el Puig y Carassols en Riba-roja de T\u00faria, al incluirla en el cat\u00e1logo de vestigios de la guerra civil que permitir\u00e1 su protecci\u00f3n y recuperaci\u00f3n a corto plazo. Los restos existentes forman parte de una de las l\u00edneas defensivas m\u00e1s importantes en la Comunitat Valenciana amparada en la ley de patrimonio cultural valenciano en la que se incluye como bien de relevancia local.<\/p>\n<p>Los siete municipios que han constituido la asociaci\u00f3n de localidades vinculadas a la l\u00ednea el Puig-Carassols firmaron ayer jueves el acta fundacional de la misma en un acto que tuvo lugar en el castillo de Riba-roja con la asistencia de la consellera de Justicia, Administraci\u00f3n P\u00fablica, Reformas Democr\u00e1ticas y Libertades P\u00fablicas, Gabriela Bravo; el alcalde de Riba-roja, Robert Raga; el vicerrector de Participaci\u00f3n y Proyecci\u00f3n Territorial de la Universitat de Val\u00e8ncia, Jorge Hermosilla; la diputada provincial de Memoria Hist\u00f3rica, Rosa P\u00e9rez; y el secretario auton\u00f3mico de Cultura, Albert Girona, entre otros.<\/p>\n<p>En la firma de la acta fundacional, incluida en la III Jornadas sobre el Patrimonio B\u00e9lico, estuvieron representantes de los siete municipios vinculados a la l\u00ednea: Rafelbunyol, El Puig, San Antonio de Benag\u00e9ber, N\u00e0quera, B\u00e9tera, Vilamarxant y Riba-roja de T\u00faria. Entre los objetivos de esta asociaci\u00f3n figuran la protecci\u00f3n de los restos existentes de la guerra civil, la restauraci\u00f3n de los mismos a trav\u00e9s de los fondos p\u00fablicos as\u00ed como campa\u00f1as de sensibilizaci\u00f3n y divulgaci\u00f3n sobre este tipo de construcciones.<\/p>\n<p>El alcalde de Riba-roja de T\u00faria, Robert Raga, subray\u00f3 la importancia <i>\u00abde una iniciativa de este tipo que debe servir para conocer mejor los hechos que se sucedieron en aquella \u00e9poca adem\u00e1s de promover el patrimonio a trav\u00e9s de la cultura de la paz con el objetivo de que no se vuelvan a producir, todo ello con actividades educativas, tur\u00edsticas y culturales de los respectivos ayuntamientos; en el caso de Riba-roja nuestro programa Eco-Riba ha sido el art\u00edfice para que, junto a la propia Universitat de Val\u00e8ncia, haya cristalizado la asociaci\u00f3n de municipios de La Inmediata\u00bb.\u00a0 \u00a0<\/i><\/p>\n<p>La l\u00ednea la Inmediata est\u00e1 formada por un trazado de 26 kil\u00f3metros de distancia que discurre entre los municipios del Puig y Carassols en Riba-roja de T\u00faria que se construy\u00f3 en el a\u00f1o 1938 para formar una l\u00ednea de retaguardia de las tropas republicanas frente al bando franquista para salvaguardar la ciudad de Valencia, si bien finalmente no entr\u00f3 en funcionamiento. Entre los restos que perduran actualmente destacan las trincheras, los b\u00fankeres, los t\u00faneles, los nidos de ametralladoras y las plataformas existentes a lo largo de todo el trazado.<\/p>\n<p>El acto institucional de ayer incluy\u00f3 tambi\u00e9n una visita de las autoridades a una exposici\u00f3n de fotograf\u00edas a cargo de Jos\u00e9 Aleixandre, un fot\u00f3grafo que se ha encargado de recopilar todos los detalles de l\u00ednea defensiva que transcurre entre el Puig y els Carassols. Las actividades se completan con la visita guiada al patrimonio b\u00e9lico de la l\u00ednea defensiva que tendr\u00e1 lugar el pr\u00f3ximo 13 de mayo.<\/p>\n<p>La asociaci\u00f3n la Inmediata se estructurar\u00e1 mediante comisiones de trabajo a nivel organizativo, humano y social que, posteriormente, elaborar\u00e1n los respectivos documentos t\u00e9cnicos, la elaboraci\u00f3n de informes y propuestas sobre los temas o los proyectos que puedan ayudar a desarrollar los objetivos del \u00e1mbito de actuaci\u00f3n as\u00ed como otras iniciativas para implicar a la ciudadan\u00eda en el estudio, divulgaci\u00f3n y disfrute de todo los elementos que forman la l\u00ednea defensiva.<\/p>\n","protected":false},"excerpt":{"rendered":"<div class=\"mh-excerpt\">La Generalitat Valenciana ha dado un espaldarazo p\u00fablico a la l\u00ednea defensiva La Inmediata, un trayecto de 26 kil\u00f3metros que discurre entre el Puig y Carassols en Riba-roja de T\u00faria, al incluirla en el cat\u00e1logo <a class=\"mh-excerpt-more\" href=\"https:\/\/www.tucomarca.com\/wordpress\/segunda\/la-generalitat-protege-la-linea-defensiva-la-inmediata-el-puig-carassols-en-el-catalogo-de-vestigios-de-la-guerra-civil\/\" title=\"La Generalitat protege la l\u00ednea defensiva \u00abLa Inmediata El Puig-Carassols\u00bb en el cat\u00e1logo de vestigios de la guerra civil\">[+] <\/a><\/div>\n","protected":false},"author":1,"featured_media":56319,"comment_status":"open","ping_status":"open","sticky":false,"template":"","format":"standard","meta":{"footnotes":""},"categories":[46,8,72,182,3,45],"tags":[10395,1504],"class_list":{"0":"post-56294","1":"post","2":"type-post","3":"status-publish","4":"format-standard","5":"has-post-thumbnail","7":"category-camp-de-turia","8":"category-la-comarca","9":"category-sin-categorizar","10":"category-riba-roja","11":"category-seccion","12":"category-ventana","13":"tag-camp-de-turia","14":"tag-riba-roja-2"},"_links":{"self":[{"href":"https:\/\/www.tucomarca.com\/wordpress\/segunda\/wp-json\/wp\/v2\/posts\/56294","targetHints":{"allow":["GET"]}}],"collection":[{"href":"https:\/\/www.tucomarca.com\/wordpress\/segunda\/wp-json\/wp\/v2\/posts"}],"about":[{"href":"https:\/\/www.tucomarca.com\/wordpress\/segunda\/wp-json\/wp\/v2\/types\/post"}],"author":[{"embeddable":true,"href":"https:\/\/www.tucomarca.com\/wordpress\/segunda\/wp-json\/wp\/v2\/users\/1"}],"replies":[{"embeddable":true,"href":"https:\/\/www.tucomarca.com\/wordpress\/segunda\/wp-json\/wp\/v2\/comments?post=56294"}],"version-history":[{"count":0,"href":"https:\/\/www.tucomarca.com\/wordpress\/segunda\/wp-json\/wp\/v2\/posts\/56294\/revisions"}],"wp:featuredmedia":[{"embeddable":true,"href":"https:\/\/www.tucomarca.com\/wordpress\/segunda\/wp-json\/wp\/v2\/media\/56319"}],"wp:attachment":[{"href":"https:\/\/www.tucomarca.com\/wordpress\/segunda\/wp-json\/wp\/v2\/media?parent=56294"}],"wp:term":[{"taxonomy":"category","embeddable":true,"href":"https:\/\/www.tucomarca.com\/wordpress\/segunda\/wp-json\/wp\/v2\/categories?post=56294"},{"taxonomy":"post_tag","embeddable":true,"href":"https:\/\/www.tucomarca.com\/wordpress\/segunda\/wp-json\/wp\/v2\/tags?post=56294"}],"curies":[{"name":"wp","href":"https:\/\/api.w.org\/{rel}","templated":true}]}}