{"id":56300,"date":"2017-05-01T15:48:24","date_gmt":"2017-05-01T13:48:24","guid":{"rendered":"http:\/\/www.tucomarca.com\/wordpress\/segunda\/?p=56300"},"modified":"2017-05-01T15:48:24","modified_gmt":"2017-05-01T13:48:24","slug":"sergio-galarza-asensio-elegido-nuevo-presidente-de-la-falla-ventas-de-bunol","status":"publish","type":"post","link":"https:\/\/www.tucomarca.com\/wordpress\/segunda\/sergio-galarza-asensio-elegido-nuevo-presidente-de-la-falla-ventas-de-bunol\/","title":{"rendered":"Sergio Galarza Asensio, elegido nuevo presidente de la Falla Ventas de Bu\u00f1ol"},"content":{"rendered":"<figure id=\"attachment_56304\" aria-describedby=\"caption-attachment-56304\" style=\"width: 484px\" class=\"wp-caption alignleft\"><img loading=\"lazy\" decoding=\"async\" class=\" wp-image-56304\" src=\"https:\/\/www.tucomarca.com\/wordpress\/segunda\/wp-content\/uploads\/2017\/05\/presidentes_ventas.jpg\" alt=\"Los presidentes saliente y entrante, Pedro Vall\u00e9s y Sergio Galarza.\" width=\"484\" height=\"362\" srcset=\"https:\/\/www.tucomarca.com\/wordpress\/segunda\/wp-content\/uploads\/2017\/05\/presidentes_ventas.jpg 709w, https:\/\/www.tucomarca.com\/wordpress\/segunda\/wp-content\/uploads\/2017\/05\/presidentes_ventas-300x225.jpg 300w\" sizes=\"auto, (max-width: 484px) 100vw, 484px\" \/><figcaption id=\"caption-attachment-56304\" class=\"wp-caption-text\"><em>Los presidentes saliente y entrante, Pedro Vall\u00e9s y Sergio Galarza.<\/em><\/figcaption><\/figure>\n<p>Este pasado domingo, 30 de abril, en un acto emotivo\u00a0y tras tres ejercicios como presidente de la entidad,\u00a0Pedro\u00a0Vall\u00e9s Cus\u00ed pas\u00f3 el testigo como nuevo presidente a\u00a0Sergio Galarza Asensio, miembro hist\u00f3rico de esta comisi\u00f3n\u00a0y que llevar\u00e1 su\u00a0tim\u00f3n en los pr\u00f3ximos a\u00f1os.<\/p>\n<p>El acto se desarroll\u00f3 en el barrac\u00f3n de la falla durante la cena de fin de ejercicio, donde se dedic\u00f3 al presidente saliente un emocionado\u00a0v\u00eddeo de su trayectoria en estos a\u00f1os.<\/p>\n<p>En el mismo acto tambi\u00e9n se nombr\u00f3 a la nueva presidenta juvenil, Miriam Garc\u00eda Vergel, que desempe\u00f1ar\u00e1 este cargo durante este ejercicio fallero.<\/p>\n","protected":false},"excerpt":{"rendered":"<div class=\"mh-excerpt\">Este pasado domingo, 30 de abril, en un acto emotivo\u00a0y tras tres ejercicios como presidente de la entidad,\u00a0Pedro\u00a0Vall\u00e9s Cus\u00ed pas\u00f3 el testigo como nuevo presidente a\u00a0Sergio Galarza Asensio, miembro hist\u00f3rico de esta comisi\u00f3n\u00a0y que llevar\u00e1 <a class=\"mh-excerpt-more\" href=\"https:\/\/www.tucomarca.com\/wordpress\/segunda\/sergio-galarza-asensio-elegido-nuevo-presidente-de-la-falla-ventas-de-bunol\/\" title=\"Sergio Galarza Asensio, elegido nuevo presidente de la Falla Ventas de Bu\u00f1ol\">[+] <\/a><\/div>\n","protected":false},"author":2,"featured_media":56304,"comment_status":"open","ping_status":"open","sticky":false,"template":"","format":"standard","meta":{"footnotes":""},"categories":[18,8,72,10,383,3],"tags":[5434,80,5952],"class_list":{"0":"post-56300","1":"post","2":"type-post","3":"status-publish","4":"format-standard","5":"has-post-thumbnail","7":"category-bunol","8":"category-la-comarca","9":"category-sin-categorizar","10":"category-la-hoya","11":"category-pueblos-en-fiestas","12":"category-seccion","13":"tag-falla-ventas-bunol","14":"tag-fallas","15":"tag-la-hoya-de-bunol-chiva"},"_links":{"self":[{"href":"https:\/\/www.tucomarca.com\/wordpress\/segunda\/wp-json\/wp\/v2\/posts\/56300","targetHints":{"allow":["GET"]}}],"collection":[{"href":"https:\/\/www.tucomarca.com\/wordpress\/segunda\/wp-json\/wp\/v2\/posts"}],"about":[{"href":"https:\/\/www.tucomarca.com\/wordpress\/segunda\/wp-json\/wp\/v2\/types\/post"}],"author":[{"embeddable":true,"href":"https:\/\/www.tucomarca.com\/wordpress\/segunda\/wp-json\/wp\/v2\/users\/2"}],"replies":[{"embeddable":true,"href":"https:\/\/www.tucomarca.com\/wordpress\/segunda\/wp-json\/wp\/v2\/comments?post=56300"}],"version-history":[{"count":0,"href":"https:\/\/www.tucomarca.com\/wordpress\/segunda\/wp-json\/wp\/v2\/posts\/56300\/revisions"}],"wp:featuredmedia":[{"embeddable":true,"href":"https:\/\/www.tucomarca.com\/wordpress\/segunda\/wp-json\/wp\/v2\/media\/56304"}],"wp:attachment":[{"href":"https:\/\/www.tucomarca.com\/wordpress\/segunda\/wp-json\/wp\/v2\/media?parent=56300"}],"wp:term":[{"taxonomy":"category","embeddable":true,"href":"https:\/\/www.tucomarca.com\/wordpress\/segunda\/wp-json\/wp\/v2\/categories?post=56300"},{"taxonomy":"post_tag","embeddable":true,"href":"https:\/\/www.tucomarca.com\/wordpress\/segunda\/wp-json\/wp\/v2\/tags?post=56300"}],"curies":[{"name":"wp","href":"https:\/\/api.w.org\/{rel}","templated":true}]}}