{"id":56315,"date":"2017-05-03T11:10:28","date_gmt":"2017-05-03T09:10:28","guid":{"rendered":"http:\/\/www.tucomarca.com\/wordpress\/segunda\/?p=56315"},"modified":"2017-05-03T11:10:28","modified_gmt":"2017-05-03T09:10:28","slug":"gent-gran-una-jornada-de-deporte-dedicada-a-los-mayores-de-leliana","status":"publish","type":"post","link":"https:\/\/www.tucomarca.com\/wordpress\/segunda\/gent-gran-una-jornada-de-deporte-dedicada-a-los-mayores-de-leliana\/","title":{"rendered":"Gent Gran, una jornada de deporte dedicada a los mayores de L&#8217;Eliana"},"content":{"rendered":"<p>L\u2019Eliana se Mueve celebrar\u00e1 este pr\u00f3ximo s\u00e1bado 6 de mayo desde las 11 de la ma\u00f1ana en la Plaza del Pa\u00eds Valenci\u00e0, la \u00faltima de sus jornadas de deporte al aire libre con una sesi\u00f3n dedicada a nuestros mayores, que incluir\u00e1 ejercicios de pilates, coreograf\u00edas de baile y una masterclass de Cubb\u00e1.<\/p>\n<p>Esta jornada de l\u2019Eliana se Mueve, que tiene como objetivo fomentar la pr\u00e1ctica de deporte adaptado a este rango de edad, se ha incluido dentro del programa del Mes de los Mayores, organizado por la concejal\u00eda de 3\u00aa edad, que cuenta con actividades culturales, excursiones y la tradicional comida de hermanamiento.<\/p>\n<p>L\u2019Eliana cuenta con una Escuela Deportiva Municipal de 3\u00aa edad, en la que se imparten clases de gimnasia y de baile de sal\u00f3n impartidas en el Polideportivo Municipal y en el Hogar del Jubilado y que cuenta con m\u00e1s de un centenar de inscritos.<\/p>\n<p>Con esta \u00faltima jornada, concluye esta tercera edici\u00f3n de l\u2019Eliana se Mueve, puesta en marcha por la concejal\u00eda de deportes y la Asociaci\u00f3n de Clubes Deportivos para promover la pr\u00e1ctica deporte al aire libre y en familia.<\/p>\n","protected":false},"excerpt":{"rendered":"<div class=\"mh-excerpt\">L\u2019Eliana se Mueve celebrar\u00e1 este pr\u00f3ximo s\u00e1bado 6 de mayo desde las 11 de la ma\u00f1ana en la Plaza del Pa\u00eds Valenci\u00e0, la \u00faltima de sus jornadas de deporte al aire libre con una sesi\u00f3n <a class=\"mh-excerpt-more\" href=\"https:\/\/www.tucomarca.com\/wordpress\/segunda\/gent-gran-una-jornada-de-deporte-dedicada-a-los-mayores-de-leliana\/\" title=\"Gent Gran, una jornada de deporte dedicada a los mayores de L&#8217;Eliana\">[+] <\/a><\/div>\n","protected":false},"author":1,"featured_media":0,"comment_status":"open","ping_status":"open","sticky":false,"template":"","format":"standard","meta":{"footnotes":""},"categories":[4,46,177,72,3],"tags":[],"class_list":{"0":"post-56315","1":"post","2":"type-post","3":"status-publish","4":"format-standard","6":"category-agenda","7":"category-camp-de-turia","8":"category-leliana","9":"category-sin-categorizar","10":"category-seccion"},"_links":{"self":[{"href":"https:\/\/www.tucomarca.com\/wordpress\/segunda\/wp-json\/wp\/v2\/posts\/56315","targetHints":{"allow":["GET"]}}],"collection":[{"href":"https:\/\/www.tucomarca.com\/wordpress\/segunda\/wp-json\/wp\/v2\/posts"}],"about":[{"href":"https:\/\/www.tucomarca.com\/wordpress\/segunda\/wp-json\/wp\/v2\/types\/post"}],"author":[{"embeddable":true,"href":"https:\/\/www.tucomarca.com\/wordpress\/segunda\/wp-json\/wp\/v2\/users\/1"}],"replies":[{"embeddable":true,"href":"https:\/\/www.tucomarca.com\/wordpress\/segunda\/wp-json\/wp\/v2\/comments?post=56315"}],"version-history":[{"count":0,"href":"https:\/\/www.tucomarca.com\/wordpress\/segunda\/wp-json\/wp\/v2\/posts\/56315\/revisions"}],"wp:attachment":[{"href":"https:\/\/www.tucomarca.com\/wordpress\/segunda\/wp-json\/wp\/v2\/media?parent=56315"}],"wp:term":[{"taxonomy":"category","embeddable":true,"href":"https:\/\/www.tucomarca.com\/wordpress\/segunda\/wp-json\/wp\/v2\/categories?post=56315"},{"taxonomy":"post_tag","embeddable":true,"href":"https:\/\/www.tucomarca.com\/wordpress\/segunda\/wp-json\/wp\/v2\/tags?post=56315"}],"curies":[{"name":"wp","href":"https:\/\/api.w.org\/{rel}","templated":true}]}}