{"id":56469,"date":"2017-05-09T11:45:01","date_gmt":"2017-05-09T09:45:01","guid":{"rendered":"http:\/\/www.tucomarca.com\/wordpress\/segunda\/?p=56469"},"modified":"2017-05-09T11:45:24","modified_gmt":"2017-05-09T09:45:24","slug":"alzira-xativa-y-bunol-acogeran-tres-semifinales-del-sona-la-dipu-2017","status":"publish","type":"post","link":"https:\/\/www.tucomarca.com\/wordpress\/segunda\/alzira-xativa-y-bunol-acogeran-tres-semifinales-del-sona-la-dipu-2017\/","title":{"rendered":"Alzira, X\u00e0tiva y Bu\u00f1ol acoger\u00e1n semifinales del Sona la Dipu 2017"},"content":{"rendered":"<figure id=\"attachment_56470\" aria-describedby=\"caption-attachment-56470\" style=\"width: 300px\" class=\"wp-caption alignleft\"><a href=\"https:\/\/www.tucomarca.com\/wordpress\/segunda\/wp-content\/uploads\/2017\/05\/Badlands.jpg\"><img loading=\"lazy\" decoding=\"async\" class=\"size-medium wp-image-56470\" src=\"https:\/\/www.tucomarca.com\/wordpress\/segunda\/wp-content\/uploads\/2017\/05\/Badlands-300x200.jpg\" alt=\"Badlands en el concierto de presentaci\u00f3n en Cullera del Sona la Dipu 2017.\" width=\"300\" height=\"200\" srcset=\"https:\/\/www.tucomarca.com\/wordpress\/segunda\/wp-content\/uploads\/2017\/05\/Badlands-300x200.jpg 300w, https:\/\/www.tucomarca.com\/wordpress\/segunda\/wp-content\/uploads\/2017\/05\/Badlands-768x512.jpg 768w, https:\/\/www.tucomarca.com\/wordpress\/segunda\/wp-content\/uploads\/2017\/05\/Badlands-1024x683.jpg 1024w\" sizes=\"auto, (max-width: 300px) 100vw, 300px\" \/><\/a><figcaption id=\"caption-attachment-56470\" class=\"wp-caption-text\">Badlands en el concierto de presentaci\u00f3n en Cullera del Sona la Dipu 2017.<\/figcaption><\/figure>\n<p>El Sona la Dipu 2017 ya tiene a sus doce semifinalistas. Tras la deliberaci\u00f3n de los miembros del jurado, que por primera vez es paritario e incluye a m\u00fasicos profesionales, se ha escogido a Mireia Vilar, Six To Fix, Indian Hawk, The Vibrowaves, Odd Cherry Pie, Lost River Bastards, Pronoise, Clorophile, L\u2019emperador, Frida, Mediterraean Roots y Durga. Adem\u00e1s, permanecen como grupos de reserva Deliri y Metropol.<\/p>\n<p>Cada uno de ellos participar\u00e1 en una de las cuatro semifinales del programa, en las que se disputar\u00e1 el pase a la final y por tanto la posibilidad de ser uno de los dos grupos ganadores de la presente edici\u00f3n. La primera semifinal ser\u00e1 el pr\u00f3ximo 13 de mayo en Burjassot. En ella participar\u00e1n tres grupos semifinalistas, de los que uno pasar\u00e1 a la final. Una cita en la que actuar\u00e1n Sidonie, La Habitaci\u00f3n Roja y Rayden como grupos cabeza de cartel.<\/p>\n<p>La segunda semifinal ser\u00e1 el 23 de julio en Alzira y contar\u00e1 con la intervenci\u00f3n de La Pegatina y Sidonie. La tercera ser\u00e1 en X\u00e0tiva el 16 de agosto y en ella estar\u00e1n presentes Love of Lesbian. La \u00faltima semifinal ser\u00e1 el 30 de agosto en Bu\u00f1ol y tendr\u00e1 como grupos cabeza de cartel a Second, Miss Cafeina y Varry Brava.<\/p>\n<p>Alrededor de un centenar de grupos se han presentado al Sona la Dipu 2017, que refuerza su concepto con una fuerte apuesta por la promoci\u00f3n de bandas valencianas a lo largo de todo el a\u00f1o. As\u00ed, se repite la f\u00f3rmula iniciada en la pasada edici\u00f3n, potenciando la presencia de bandas participantes en el programa en festivales de referencia a nivel nacional e internacional. De esta manera, el proyecto estar\u00e1 presente en festivales como el Primavera Sound, el Festival de les Arts, el Low Festival o el Arenal Sound.<\/p>\n<p>Asimismo, se establecen diferentes formas de apoyo e impulso de las formaciones valencianas, como una red de conciertos por municipios de la provincia, as\u00ed como su participaci\u00f3n en festivales, acciones de tutelaje que permitan a los grupos su inmersi\u00f3n en el mundo discogr\u00e1fico, como seminarios y cursos; colaboraci\u00f3n con otras administraciones, entidades de gesti\u00f3n y empresas privadas; y realizaci\u00f3n de un nuevo plan integral de comunicaci\u00f3n, que ya est\u00e1 en marcha. Para m\u00e1s informaci\u00f3n, se puede consultar la nueva p\u00e1gina del Sona la Dipu:\u00a0www.sonaladipu.es<\/p>\n","protected":false},"excerpt":{"rendered":"<div class=\"mh-excerpt\">El Sona la Dipu 2017 ya tiene a sus doce semifinalistas. Tras la deliberaci\u00f3n de los miembros del jurado, que por primera vez es paritario e incluye a m\u00fasicos profesionales, se ha escogido a Mireia <a class=\"mh-excerpt-more\" href=\"https:\/\/www.tucomarca.com\/wordpress\/segunda\/alzira-xativa-y-bunol-acogeran-tres-semifinales-del-sona-la-dipu-2017\/\" title=\"Alzira, X\u00e0tiva y Bu\u00f1ol acoger\u00e1n semifinales del Sona la Dipu 2017\">[+] <\/a><\/div>\n","protected":false},"author":1,"featured_media":56470,"comment_status":"open","ping_status":"open","sticky":false,"template":"","format":"standard","meta":{"footnotes":""},"categories":[69,18,66,10,42,7,3],"tags":[204,5952,3640],"class_list":{"0":"post-56469","1":"post","2":"type-post","3":"status-publish","4":"format-standard","5":"has-post-thumbnail","7":"category-alzira","8":"category-bunol","9":"category-musica","10":"category-la-hoya","11":"category-la-ribera","12":"category-ocio-y-cultura","13":"category-seccion","14":"tag-diputacion","15":"tag-la-hoya-de-bunol-chiva","16":"tag-la-ribera-alta"},"_links":{"self":[{"href":"https:\/\/www.tucomarca.com\/wordpress\/segunda\/wp-json\/wp\/v2\/posts\/56469","targetHints":{"allow":["GET"]}}],"collection":[{"href":"https:\/\/www.tucomarca.com\/wordpress\/segunda\/wp-json\/wp\/v2\/posts"}],"about":[{"href":"https:\/\/www.tucomarca.com\/wordpress\/segunda\/wp-json\/wp\/v2\/types\/post"}],"author":[{"embeddable":true,"href":"https:\/\/www.tucomarca.com\/wordpress\/segunda\/wp-json\/wp\/v2\/users\/1"}],"replies":[{"embeddable":true,"href":"https:\/\/www.tucomarca.com\/wordpress\/segunda\/wp-json\/wp\/v2\/comments?post=56469"}],"version-history":[{"count":0,"href":"https:\/\/www.tucomarca.com\/wordpress\/segunda\/wp-json\/wp\/v2\/posts\/56469\/revisions"}],"wp:featuredmedia":[{"embeddable":true,"href":"https:\/\/www.tucomarca.com\/wordpress\/segunda\/wp-json\/wp\/v2\/media\/56470"}],"wp:attachment":[{"href":"https:\/\/www.tucomarca.com\/wordpress\/segunda\/wp-json\/wp\/v2\/media?parent=56469"}],"wp:term":[{"taxonomy":"category","embeddable":true,"href":"https:\/\/www.tucomarca.com\/wordpress\/segunda\/wp-json\/wp\/v2\/categories?post=56469"},{"taxonomy":"post_tag","embeddable":true,"href":"https:\/\/www.tucomarca.com\/wordpress\/segunda\/wp-json\/wp\/v2\/tags?post=56469"}],"curies":[{"name":"wp","href":"https:\/\/api.w.org\/{rel}","templated":true}]}}