{"id":56478,"date":"2017-05-09T11:45:42","date_gmt":"2017-05-09T09:45:42","guid":{"rendered":"http:\/\/www.tucomarca.com\/wordpress\/segunda\/?p=56478"},"modified":"2017-05-09T11:47:21","modified_gmt":"2017-05-09T09:47:21","slug":"el-pleno-de-riba-roja-pide-al-sindic-de-comptees-que-fiscalice-las-cuentas-del-ayuntamiento-bajo-el-gobierno-del-pp","status":"publish","type":"post","link":"https:\/\/www.tucomarca.com\/wordpress\/segunda\/el-pleno-de-riba-roja-pide-al-sindic-de-comptees-que-fiscalice-las-cuentas-del-ayuntamiento-bajo-el-gobierno-del-pp\/","title":{"rendered":"El pleno de Riba-roja pide al S\u00edndic de Comptes que fiscalice las cuentas del Ayuntamiento bajo el gobierno del PP"},"content":{"rendered":"<figure id=\"attachment_56332\" aria-describedby=\"caption-attachment-56332\" style=\"width: 300px\" class=\"wp-caption alignleft\"><a href=\"https:\/\/www.tucomarca.com\/wordpress\/segunda\/wp-content\/uploads\/2017\/05\/plenoRiba-roja2.jpg\"><img loading=\"lazy\" decoding=\"async\" class=\"size-medium wp-image-56332\" src=\"https:\/\/www.tucomarca.com\/wordpress\/segunda\/wp-content\/uploads\/2017\/05\/plenoRiba-roja2-300x169.jpg\" alt=\"Una imagen del pleno del Ayuntamiento de Riba-roja de T\u00faria.\" width=\"300\" height=\"169\" srcset=\"https:\/\/www.tucomarca.com\/wordpress\/segunda\/wp-content\/uploads\/2017\/05\/plenoRiba-roja2-300x169.jpg 300w, https:\/\/www.tucomarca.com\/wordpress\/segunda\/wp-content\/uploads\/2017\/05\/plenoRiba-roja2-768x432.jpg 768w, https:\/\/www.tucomarca.com\/wordpress\/segunda\/wp-content\/uploads\/2017\/05\/plenoRiba-roja2.jpg 850w\" sizes=\"auto, (max-width: 300px) 100vw, 300px\" \/><\/a><figcaption id=\"caption-attachment-56332\" class=\"wp-caption-text\">Una imagen del pleno del Ayuntamiento de Riba-roja de T\u00faria.<\/figcaption><\/figure>\n<p><b><\/b>El pleno del Ayuntamiento de Riba-roja de T\u00faria ha aprobado una propuesta del equipo de gobierno -formado por el PSPV, Comprom\u00eds y Esquerra Unida- apoyada por Ciudadanos y Riba-roja Pot y la abstenci\u00f3n del Partido Popular en la que insta al S\u00edndic de Comptes que fiscalice las cuentas econ\u00f3micas municipales entre los a\u00f1os 2010 y 2013, periodo bajo gobierno del Partido Popular.<\/p>\n<p>La petici\u00f3n del pleno municipal se produce despu\u00e9s de que este organismo fiscalizador valenciano haya acordado presentar una denuncia ante el Tribunal de Cuentas sobre la gesti\u00f3n econ\u00f3mica que llev\u00f3 a cabo el anterior gobierno popular, encabezado por el ex alcalde Francisco Tarazona, en el presupuesto del a\u00f1o 2014. En concreto, este organismo detect\u00f3, a ra\u00edz del an\u00e1lisis, que el PP realiz\u00f3 pagos por valor de 2&#8217;4 millones de euros sin que apareciera la documentaci\u00f3n que los acreditara. Adem\u00e1s, el consistorio popular concedi\u00f3 subvenciones al club de futbol local con numerosas irregularidades hasta el punto que las tipifica como <i>\u00abresponsabilidad contable\u00bb. \u00a0 \u00a0<\/i><\/p>\n<p>La propuesta refrendada por el pleno de Riba-roja constata que, a la vista de los numerosos episodios irregulares detectados se hace necesaria extender los estudios del S\u00edndic de Comptes a los tres ejercicios presupuestarios anteriores ya que este organismo es el \u00fanico competente en el \u00e1mbito valenciano para la emisi\u00f3n de informes, memorias o dict\u00e1menes sobre diversas cuestiones de la administraci\u00f3n local.<\/p>\n<p>El texto de la iniciativa subraya que las entidades peticionarias <i>\u00abasumen la plena y exclusiva responsabilidad de sus actuaciones y omisiones, no quedando vinculado el contenido de estos informes, memorias o dict\u00e1menes, a menos que sean dictados en forma de resoluciones ejecutables y firmes\u00bb. \u00a0<\/i><\/p>\n<p>El gobierno municipal se compromete en poner a disposici\u00f3n de la Sindicatura toda la documentaci\u00f3n que necesite para acometer un profundo an\u00e1lisis sobre las operaciones econ\u00f3micas que el PP realiz\u00f3 al frente del ayuntamiento durante el citado periodo de tiempo y reconoce que si este organismo no puede acometer estas tareas <i>\u00abse proceder\u00e1 a contratar una auditor\u00eda con un especialista externo o una firma privada\u00bb.<\/i><\/p>\n<p>El S\u00edndic de Comptes subraya, en su escrito de conclusiones finales, que los gobiernos locales del Partido Popular de Riba-roja no aprobaron las cuentas generales desde los a\u00f1os 2000 a 2013 tal y como obliga la legislaci\u00f3n local, de forma que se han incumplido los plazos legales previstos al respecto, pese a gozar de la mayor\u00eda absoluta suficiente en el pleno.<\/p>\n<p>El actual gobierno municipal de Riba-roja ha expresado la conveniencia de que <i>\u00abun organismo independiente y de gran solvencia como la Sindicatura de Comptes analice la gesti\u00f3n que se llev\u00f3 a cabo durante los citados a\u00f1os a la vista de las irregularidades y las anomal\u00edas detectadas, tanto por la concesi\u00f3n de las subvenciones como por la inexistencia de facturas para justificar determinados gastos; estamos hablando de cuestiones de una gravedad notable de la que se esperan respuestas tajantes por parte del anterior alcalde Tarazona como de la actual portavoz Mar\u00eda Jos\u00e9 Ruiz que formaba parte de aquel gobierno\u00bb. \u00a0<\/i><\/p>\n","protected":false},"excerpt":{"rendered":"<div class=\"mh-excerpt\">El pleno del Ayuntamiento de Riba-roja de T\u00faria ha aprobado una propuesta del equipo de gobierno -formado por el PSPV, Comprom\u00eds y Esquerra Unida- apoyada por Ciudadanos y Riba-roja Pot y la abstenci\u00f3n del Partido <a class=\"mh-excerpt-more\" href=\"https:\/\/www.tucomarca.com\/wordpress\/segunda\/el-pleno-de-riba-roja-pide-al-sindic-de-comptees-que-fiscalice-las-cuentas-del-ayuntamiento-bajo-el-gobierno-del-pp\/\" title=\"El pleno de Riba-roja pide al S\u00edndic de Comptes que fiscalice las cuentas del Ayuntamiento bajo el gobierno del PP\">[+] <\/a><\/div>\n","protected":false},"author":1,"featured_media":56332,"comment_status":"open","ping_status":"open","sticky":false,"template":"","format":"standard","meta":{"footnotes":""},"categories":[46,8,142,182,3,45],"tags":[10395,1504],"class_list":{"0":"post-56478","1":"post","2":"type-post","3":"status-publish","4":"format-standard","5":"has-post-thumbnail","7":"category-camp-de-turia","8":"category-la-comarca","9":"category-politica-la-comarca","10":"category-riba-roja","11":"category-seccion","12":"category-ventana","13":"tag-camp-de-turia","14":"tag-riba-roja-2"},"_links":{"self":[{"href":"https:\/\/www.tucomarca.com\/wordpress\/segunda\/wp-json\/wp\/v2\/posts\/56478","targetHints":{"allow":["GET"]}}],"collection":[{"href":"https:\/\/www.tucomarca.com\/wordpress\/segunda\/wp-json\/wp\/v2\/posts"}],"about":[{"href":"https:\/\/www.tucomarca.com\/wordpress\/segunda\/wp-json\/wp\/v2\/types\/post"}],"author":[{"embeddable":true,"href":"https:\/\/www.tucomarca.com\/wordpress\/segunda\/wp-json\/wp\/v2\/users\/1"}],"replies":[{"embeddable":true,"href":"https:\/\/www.tucomarca.com\/wordpress\/segunda\/wp-json\/wp\/v2\/comments?post=56478"}],"version-history":[{"count":0,"href":"https:\/\/www.tucomarca.com\/wordpress\/segunda\/wp-json\/wp\/v2\/posts\/56478\/revisions"}],"wp:featuredmedia":[{"embeddable":true,"href":"https:\/\/www.tucomarca.com\/wordpress\/segunda\/wp-json\/wp\/v2\/media\/56332"}],"wp:attachment":[{"href":"https:\/\/www.tucomarca.com\/wordpress\/segunda\/wp-json\/wp\/v2\/media?parent=56478"}],"wp:term":[{"taxonomy":"category","embeddable":true,"href":"https:\/\/www.tucomarca.com\/wordpress\/segunda\/wp-json\/wp\/v2\/categories?post=56478"},{"taxonomy":"post_tag","embeddable":true,"href":"https:\/\/www.tucomarca.com\/wordpress\/segunda\/wp-json\/wp\/v2\/tags?post=56478"}],"curies":[{"name":"wp","href":"https:\/\/api.w.org\/{rel}","templated":true}]}}