{"id":56483,"date":"2017-05-09T11:48:39","date_gmt":"2017-05-09T09:48:39","guid":{"rendered":"http:\/\/www.tucomarca.com\/wordpress\/segunda\/?p=56483"},"modified":"2017-05-09T11:48:39","modified_gmt":"2017-05-09T09:48:39","slug":"el-ayuntamiento-de-requena-pone-en-marcha-un-plan-de-asfaltado-de-calles-y-acondicionamiento-de-caminos","status":"publish","type":"post","link":"https:\/\/www.tucomarca.com\/wordpress\/segunda\/el-ayuntamiento-de-requena-pone-en-marcha-un-plan-de-asfaltado-de-calles-y-acondicionamiento-de-caminos\/","title":{"rendered":"El Ayuntamiento de Requena pone en marcha un plan de asfaltado de calles y acondicionamiento de caminos"},"content":{"rendered":"<figure id=\"attachment_56484\" aria-describedby=\"caption-attachment-56484\" style=\"width: 300px\" class=\"wp-caption alignleft\"><a href=\"https:\/\/www.tucomarca.com\/wordpress\/segunda\/wp-content\/uploads\/2017\/05\/AsfaltadoRequena.jpg\"><img loading=\"lazy\" decoding=\"async\" class=\"size-medium wp-image-56484\" src=\"https:\/\/www.tucomarca.com\/wordpress\/segunda\/wp-content\/uploads\/2017\/05\/AsfaltadoRequena-300x169.jpg\" alt=\"El Ayuntamiento de Requena mejora el asfalto en numerosas calles muy deterioradas del casco urbano.\" width=\"300\" height=\"169\" srcset=\"https:\/\/www.tucomarca.com\/wordpress\/segunda\/wp-content\/uploads\/2017\/05\/AsfaltadoRequena-300x169.jpg 300w, https:\/\/www.tucomarca.com\/wordpress\/segunda\/wp-content\/uploads\/2017\/05\/AsfaltadoRequena-768x432.jpg 768w, https:\/\/www.tucomarca.com\/wordpress\/segunda\/wp-content\/uploads\/2017\/05\/AsfaltadoRequena-1024x576.jpg 1024w\" sizes=\"auto, (max-width: 300px) 100vw, 300px\" \/><\/a><figcaption id=\"caption-attachment-56484\" class=\"wp-caption-text\">El Ayuntamiento de Requena mejora el asfalto en numerosas calles muy deterioradas del casco urbano.<\/figcaption><\/figure>\n<p>El Plan de Caminos Rurales y Viales 2016-2017 de la Diputaci\u00f3n de Valencia permitir\u00e1 que el Ayuntamiento de Requena mejore el asfalto en numerosas calles muy deterioradas del casco urbano y acondicione diferentes caminos rurales en mal estado.<\/p>\n<p>El coste total, de 393.464 euros, ha sido asumido \u00edntegramente por la entidad provincial.<\/p>\n<p>De esta manera, el Ayuntamiento de Requena abordar\u00e1 en las pr\u00f3ximas semanas un plan de asfaltado de calles y acondicionamiento de caminos rurales con el objetivo de minimizar las graves deficiencias observadas en el firme de varias v\u00edas y caminos, garantizando as\u00ed la seguridad de veh\u00edculos y peatones.<\/p>\n<p>Algunos de los viales y caminos en los que se ir\u00e1n ejecutando los trabajos de asfaltado y de acondicionamiento del firme son: camino de Rozaleme, camino barrio Los Pedros-Los Ochando (San Antonio), camino de Ca\u00f1ada Honda-El Portillejo, camino del cementerio (Los Isidros), camino de Los Isidros a Penen de Albosa, plaza Libertad (Hortunas), calle Llano (Hortunas), calle Olmo (La Portera), traves\u00eda y calle Iglesia (La Portera), calle Sibereta (La Portera), camino subida a Ermita (Los Pedrones), calle Sol (Los Duques), plaza del Olmo (Casas de Cuadra), calle Escuela (Barrio Arroyo), calle San Vicente (Barrio Arroyo), camino y explanada Ermita (Villar de Olmos), camino Casa Blanca (Requena), diversas calles Casa Blanca (Requena) y camino pista de atletismo, entre otros.<\/p>\n","protected":false},"excerpt":{"rendered":"<div class=\"mh-excerpt\">El Plan de Caminos Rurales y Viales 2016-2017 de la Diputaci\u00f3n de Valencia permitir\u00e1 que el Ayuntamiento de Requena mejore el asfalto en numerosas calles muy deterioradas del casco urbano y acondicione diferentes caminos rurales <a class=\"mh-excerpt-more\" href=\"https:\/\/www.tucomarca.com\/wordpress\/segunda\/el-ayuntamiento-de-requena-pone-en-marcha-un-plan-de-asfaltado-de-calles-y-acondicionamiento-de-caminos\/\" title=\"El Ayuntamiento de Requena pone en marcha un plan de asfaltado de calles y acondicionamiento de caminos\">[+] <\/a><\/div>\n","protected":false},"author":1,"featured_media":56484,"comment_status":"open","ping_status":"open","sticky":false,"template":"","format":"standard","meta":{"footnotes":""},"categories":[128,8,28,27,3,45],"tags":[],"class_list":{"0":"post-56483","1":"post","2":"type-post","3":"status-publish","4":"format-standard","5":"has-post-thumbnail","7":"category-infraestructuras","8":"category-la-comarca","9":"category-requena","10":"category-requena-utiel","11":"category-seccion","12":"category-ventana"},"_links":{"self":[{"href":"https:\/\/www.tucomarca.com\/wordpress\/segunda\/wp-json\/wp\/v2\/posts\/56483","targetHints":{"allow":["GET"]}}],"collection":[{"href":"https:\/\/www.tucomarca.com\/wordpress\/segunda\/wp-json\/wp\/v2\/posts"}],"about":[{"href":"https:\/\/www.tucomarca.com\/wordpress\/segunda\/wp-json\/wp\/v2\/types\/post"}],"author":[{"embeddable":true,"href":"https:\/\/www.tucomarca.com\/wordpress\/segunda\/wp-json\/wp\/v2\/users\/1"}],"replies":[{"embeddable":true,"href":"https:\/\/www.tucomarca.com\/wordpress\/segunda\/wp-json\/wp\/v2\/comments?post=56483"}],"version-history":[{"count":0,"href":"https:\/\/www.tucomarca.com\/wordpress\/segunda\/wp-json\/wp\/v2\/posts\/56483\/revisions"}],"wp:featuredmedia":[{"embeddable":true,"href":"https:\/\/www.tucomarca.com\/wordpress\/segunda\/wp-json\/wp\/v2\/media\/56484"}],"wp:attachment":[{"href":"https:\/\/www.tucomarca.com\/wordpress\/segunda\/wp-json\/wp\/v2\/media?parent=56483"}],"wp:term":[{"taxonomy":"category","embeddable":true,"href":"https:\/\/www.tucomarca.com\/wordpress\/segunda\/wp-json\/wp\/v2\/categories?post=56483"},{"taxonomy":"post_tag","embeddable":true,"href":"https:\/\/www.tucomarca.com\/wordpress\/segunda\/wp-json\/wp\/v2\/tags?post=56483"}],"curies":[{"name":"wp","href":"https:\/\/api.w.org\/{rel}","templated":true}]}}