{"id":56645,"date":"2017-05-16T13:50:56","date_gmt":"2017-05-16T11:50:56","guid":{"rendered":"http:\/\/www.tucomarca.com\/wordpress\/segunda\/?p=56645"},"modified":"2017-05-16T13:53:10","modified_gmt":"2017-05-16T11:53:10","slug":"la-caravana-educativa-del-ppval-visita-las-comarcas-de-lhorta-nord-utiel-requena-y-los-serranos","status":"publish","type":"post","link":"https:\/\/www.tucomarca.com\/wordpress\/segunda\/la-caravana-educativa-del-ppval-visita-las-comarcas-de-lhorta-nord-utiel-requena-y-los-serranos\/","title":{"rendered":"La Caravana Educativa del PPVAL visita las comarcas de L\u2019Horta Nord, Utiel-Requena y Los Serranos"},"content":{"rendered":"<figure id=\"attachment_56662\" aria-describedby=\"caption-attachment-56662\" style=\"width: 264px\" class=\"wp-caption alignleft\"><a href=\"https:\/\/www.tucomarca.com\/wordpress\/segunda\/wp-content\/uploads\/2017\/05\/VicenteBetoret.png\"><img loading=\"lazy\" decoding=\"async\" class=\"size-full wp-image-56662\" src=\"https:\/\/www.tucomarca.com\/wordpress\/segunda\/wp-content\/uploads\/2017\/05\/VicenteBetoret.png\" alt=\"Vicente Betoret (Partido Popular).\" width=\"264\" height=\"324\" srcset=\"https:\/\/www.tucomarca.com\/wordpress\/segunda\/wp-content\/uploads\/2017\/05\/VicenteBetoret.png 264w, https:\/\/www.tucomarca.com\/wordpress\/segunda\/wp-content\/uploads\/2017\/05\/VicenteBetoret-244x300.png 244w\" sizes=\"auto, (max-width: 264px) 100vw, 264px\" \/><\/a><figcaption id=\"caption-attachment-56662\" class=\"wp-caption-text\">Vicente Betoret (Partido Popular).<\/figcaption><\/figure>\n<p><strong>La caravana educativa del Partido Popular de la provincia de Valencia (PPVAL), visitar\u00e1 las comarcas de\u00a0L\u2019Horta Nord, Los Serranos y Utiel-Requena\u00a0los pr\u00f3ximos d\u00edas para \u201crechazar las imposiciones que quieren acabar con 35 a\u00f1os de libre convivencia\u201d que pretende el Decreto de Pluriling\u00fcismo y denunciar la intenci\u00f3n del Consell de \u201cfiniquitar\u201d la educaci\u00f3n concertada, seg\u00fan ha explicado el Presidente del PPVAL, Vicente Betoret.<\/strong><\/p>\n<p>Betoret lo ha anunciado hoy durante los encuentros mantenidos con alcaldes, portavoces y militantes de la Hoya de Bu\u00f1ol-Chiva celebrado en Dos Aguas y Millares durante los cuales ha se\u00f1alado que al rechazo del Decreto de Plurilinguismo del Consell se sumar\u00e1 la defensa del PPVAL a la libertad educativa ante la \u201ccacicada\u201d del Consell de eliminar \u201carbitrariamente\u201d conciertos \u201ca pesar de la demanda social\u201d.<\/p>\n<p>La pol\u00edtica educativa del Consell es \u201cregresiva\u201d ya que \u201cgenera tensi\u00f3n donde no las hay, crea divisiones donde no las hab\u00eda, siembra la desigualdad donde antes hab\u00eda igualdad y genera etiquetas educativas donde antes hab\u00eda normalidad\u201d una situaci\u00f3n \u201cpropia de otros sistemas pol\u00edticos y de otras \u00e9pocas\u201d.<\/p>\n<p>As\u00ed, el presidente del PPVAL, ha denunciado que el fin del Decreto sea el de \u201cimponer el uso de una lengua sobre otra\u201d con la pol\u00edtica del \u201crodillo\u201d y rompiendo un consenso que se ha mantenido durante d\u00e9cadas con la Ley de Ensenyament del Valenci\u00e0, una etapa donde la lengua \u201cnunca serv\u00eda para enfrentar\u201d.<\/p>\n<p>Desde el PPVAL rechazamos la \u201ceducaci\u00f3n de pensamiento \u00fanico\u201d y defenderemos \u201cuna educaci\u00f3n libre y de calidad, en la que el rendimiento acad\u00e9mico y el futuro de los alumnos sea prioritaria y en la que la ideolog\u00eda no sea una apisonadora que destruya la libertad\u201d.<\/p>\n<p>\u201cEl decreto anterior ha permitido la posibilidad de escoger en libertad la lengua de ense\u00f1anza para nuestros hijos, respetando la idiosincrasia de cada zona, sin discriminar ni restar oportunidades\u201d. \u201cHasta ahora hab\u00eda convivencia, ahora, hay conflicto\u201d, ha se\u00f1alado.<\/p>\n<p>\u201cEl Consell ha creado un problema donde no lo hab\u00eda\u201d, ha indicado, \u201cpretende una consciente utilizaci\u00f3n de la lengua para lograr objetivos ideol\u00f3gicos con la consecuente minorizaci\u00f3n del castellano\u201d.<\/p>\n<p>La caravana educativa que visitar\u00e1 Meliana (16 de mayo), Villar (20 de mayo) y Utiel (23 de mayo) cuenta con la participaci\u00f3n de expertos, profesionales del sector, representantes del \u00e1mbito educativo, responsables de instituciones educativas, familias, alcaldes, portavoces y representantes sindicales para abordar las consecuencias del nuevo decreto ling\u00fc\u00edstico de la Generalitat Valenciana<\/p>\n<p><strong>\u201cCon el PP se devolver\u00e1 a los padres la libertad que Comprom\u00eds les arrebata\u201d<\/strong><\/p>\n<p>De esta manera, Betoret ha se\u00f1alado que con el PP las familias valencianas \u201cpodr\u00e1n volver a decidir la educaci\u00f3n que quieren para sus hijos\u201d, ya que \u201cdevolveremos a los padres la libertad que Comprom\u00eds les arrebata\u201d con la recuperaci\u00f3n de todos los conciertos a todos los centros que tengan demanda por parte de las familias y cumplan con los requisitos legales.<\/p>\n<p>As\u00ed, ha explicado que el Consell \u201cacepta por la v\u00eda del hecho el principio de subsidiaridad, con lo que este a\u00f1o eliminan un n\u00famero de aulas y en pr\u00f3ximos a\u00f1os ir\u00e1n cerrando otras, hasta la extinci\u00f3n definitiva\u201d.<\/p>\n<p>Adem\u00e1s, Betoret ha denunciado que el proceso ha sido tan \u201cdesastroso\u201d, debido al retraso en las notificaciones y en las resoluciones de alegaciones, que cuando se abra el periodo de matr\u00edcula, la mayor\u00eda de las familias no sabr\u00e1n a qu\u00e9 colegio podr\u00e1n ir sus hijos en Bachillerato, lo que abre un periodo \u201cdemencial\u201d de \u201cincertidumbre\u201d educativa.<\/p>\n","protected":false},"excerpt":{"rendered":"<div class=\"mh-excerpt\">La caravana educativa del Partido Popular de la provincia de Valencia (PPVAL), visitar\u00e1 las comarcas de\u00a0L\u2019Horta Nord, Los Serranos y Utiel-Requena\u00a0los pr\u00f3ximos d\u00edas para \u201crechazar las imposiciones que quieren acabar con 35 a\u00f1os de libre <a class=\"mh-excerpt-more\" href=\"https:\/\/www.tucomarca.com\/wordpress\/segunda\/la-caravana-educativa-del-ppval-visita-las-comarcas-de-lhorta-nord-utiel-requena-y-los-serranos\/\" title=\"La Caravana Educativa del PPVAL visita las comarcas de L\u2019Horta Nord, Utiel-Requena y Los Serranos\">[+] <\/a><\/div>\n","protected":false},"author":1,"featured_media":56662,"comment_status":"open","ping_status":"open","sticky":false,"template":"","format":"standard","meta":{"footnotes":""},"categories":[8,72,59,142,27],"tags":[],"class_list":{"0":"post-56645","1":"post","2":"type-post","3":"status-publish","4":"format-standard","5":"has-post-thumbnail","7":"category-la-comarca","8":"category-sin-categorizar","9":"category-los-serranos","10":"category-politica-la-comarca","11":"category-requena-utiel"},"_links":{"self":[{"href":"https:\/\/www.tucomarca.com\/wordpress\/segunda\/wp-json\/wp\/v2\/posts\/56645","targetHints":{"allow":["GET"]}}],"collection":[{"href":"https:\/\/www.tucomarca.com\/wordpress\/segunda\/wp-json\/wp\/v2\/posts"}],"about":[{"href":"https:\/\/www.tucomarca.com\/wordpress\/segunda\/wp-json\/wp\/v2\/types\/post"}],"author":[{"embeddable":true,"href":"https:\/\/www.tucomarca.com\/wordpress\/segunda\/wp-json\/wp\/v2\/users\/1"}],"replies":[{"embeddable":true,"href":"https:\/\/www.tucomarca.com\/wordpress\/segunda\/wp-json\/wp\/v2\/comments?post=56645"}],"version-history":[{"count":0,"href":"https:\/\/www.tucomarca.com\/wordpress\/segunda\/wp-json\/wp\/v2\/posts\/56645\/revisions"}],"wp:featuredmedia":[{"embeddable":true,"href":"https:\/\/www.tucomarca.com\/wordpress\/segunda\/wp-json\/wp\/v2\/media\/56662"}],"wp:attachment":[{"href":"https:\/\/www.tucomarca.com\/wordpress\/segunda\/wp-json\/wp\/v2\/media?parent=56645"}],"wp:term":[{"taxonomy":"category","embeddable":true,"href":"https:\/\/www.tucomarca.com\/wordpress\/segunda\/wp-json\/wp\/v2\/categories?post=56645"},{"taxonomy":"post_tag","embeddable":true,"href":"https:\/\/www.tucomarca.com\/wordpress\/segunda\/wp-json\/wp\/v2\/tags?post=56645"}],"curies":[{"name":"wp","href":"https:\/\/api.w.org\/{rel}","templated":true}]}}