{"id":56654,"date":"2017-05-16T13:52:04","date_gmt":"2017-05-16T11:52:04","guid":{"rendered":"http:\/\/www.tucomarca.com\/wordpress\/segunda\/?p=56654"},"modified":"2017-05-16T13:52:04","modified_gmt":"2017-05-16T11:52:04","slug":"les-brigades-forestals-de-divalterra-condicionen-barrancs-i-llits-del-raco-dademus","status":"publish","type":"post","link":"https:\/\/www.tucomarca.com\/wordpress\/segunda\/les-brigades-forestals-de-divalterra-condicionen-barrancs-i-llits-del-raco-dademus\/","title":{"rendered":"Les brigades forestals de Divalterra condicionen barrancs i llits del Rac\u00f3 d&#8217;Adem\u00fas"},"content":{"rendered":"<blockquote>\n<div id=\"content-wrapper\" class=\"container\">\n<div id=\"content-wrapper\" class=\"columns-1\">\n<div id=\"column-1\" class=\"lfr-column\">\n<div id=\"layout-column_column-1\" class=\"lfr-portlet-column\">\n<div id=\"p_p_id_56_INSTANCE_6Tbc_\" class=\"portlet-boundary portlet-boundary_56_ portlet-journal-content\">\n<div class=\"portlet-borderless-container\">\n<div id=\"article_10699_408220_1.0\" class=\"journal-content-article\">\n<div class=\"marcNoticia\">\n<div class=\"capNoticia\">\n<div class=\"sNoticiaSencera\">\n<div class=\"sDescripcio\">\n<div>\n<figure id=\"attachment_56656\" aria-describedby=\"caption-attachment-56656\" style=\"width: 526px\" class=\"wp-caption alignleft\"><img loading=\"lazy\" decoding=\"async\" class=\" wp-image-56656\" src=\"https:\/\/www.tucomarca.com\/wordpress\/segunda\/wp-content\/uploads\/2017\/05\/divalterra_ademuz.jpg\" alt=\"La actuaciones comprenden la eliminaci\u00f3n de vegetaci\u00f3n oclusiva y actuaciones selectivas sobre la vegetaci\u00f3n.\" width=\"526\" height=\"296\" srcset=\"https:\/\/www.tucomarca.com\/wordpress\/segunda\/wp-content\/uploads\/2017\/05\/divalterra_ademuz.jpg 850w, https:\/\/www.tucomarca.com\/wordpress\/segunda\/wp-content\/uploads\/2017\/05\/divalterra_ademuz-300x169.jpg 300w, https:\/\/www.tucomarca.com\/wordpress\/segunda\/wp-content\/uploads\/2017\/05\/divalterra_ademuz-768x432.jpg 768w\" sizes=\"auto, (max-width: 526px) 100vw, 526px\" \/><figcaption id=\"caption-attachment-56656\" class=\"wp-caption-text\"><em>Un bon condicionament redueix el risc d&#8217;incendis en estiu, i tamb\u00e9 d&#8217;inundacions en casos de pluges torrencials.<\/em><\/figcaption><\/figure>\n<p><strong>Les actuacions comprenen l&#8217;eliminaci\u00f3 de vegetaci\u00f3 oclusiva i actuacions selectives sobre la vegetaci\u00f3<\/strong><\/p>\n<\/div>\n<\/div>\n<div class=\"sFoto\"><\/div>\n<div class=\"sDataNoticia\">\n<div>Les brigades forestals de Divalterra treballen en l&#8217;eliminaci\u00f3 d&#8217;exc\u00e9s de vegetaci\u00f3 oclusiva, aix\u00ed com l&#8217;esbrosse, poda i clareo selectiu del llit del riu Bohilgues a Vallanca i dels barrancs Mas del Olmo, La Pe\u00f1a Roya i La Balsa a\u00a0Mas del Olmo (Ademuz)\u00a0i Casas Altas.<\/div>\n<div><\/div>\n<\/div>\n<div class=\"sNoticiaSencera\">\n<div><strong>Riu Bohilgues<\/strong><\/div>\n<div>Les brigades estan treballant per a reduir el risc d&#8217;incendi i augmentar la capacitat de desgu\u00e0s del llit del riu Bohilgues, eliminant la vegetaci\u00f3 invasiva que es troba en la zona.<\/div>\n<div>\u00a0Els treballs, principalment esbrosses selectius i podes i retirada d&#8217;arbres, s&#8217;estan executant en els dos marges del riu, el qual discorre per terreny forestal i es troba contigu a un bosc de galeria. L&#8217;ajuntament de Vallanca va sol.licitar l&#8217;actuaci\u00f3 de les brigades forestals ja que l&#8217;h\u00e0bitat es veia afectat per la invasi\u00f3 d&#8217;esbarzers i per la pres\u00e8ncia d&#8217;arbres caiguts, dificultant la corrent d&#8217;aigua.<\/div>\n<div><\/div>\n<div><strong>Barranc Mas del Olmo<\/strong><\/div>\n<div>D&#8217;altra banda, els efectius de la Diputaci\u00f3 de Val\u00e8ncia han condicionat el barranc Mas del Olmo, en l&#8217;aldea Mas del Olmo, Ademuz, tamb\u00e9 dins del Pla de Neteja i Condicionament de Barrancs de Divalterra. D&#8217;aquesta manera, s&#8217;ha actuat realitzant treballs d&#8217;esbrosse, retirada d&#8217;arbres morts, i eliminaci\u00f3 de vegetaci\u00f3 invasiva, aix\u00ed com la trituraci\u00f3 de les restes generades. Igualment, s&#8217;ha condicionat la zona de l&#8217;antic mol\u00ed i la de la font pr\u00f2xima a la depuradora.<\/div>\n<div><\/div>\n<div><strong>Barranc la Pe\u00f1a Roya<\/strong><\/div>\n<div>Aix\u00ed mateix, s&#8217;ha concl\u00f2s tamb\u00e9 l&#8217;actuaci\u00f3 que les brigades de Divalterra han dut a terme en el barranc la Pe\u00f1a Roya, a Casas Altas. Els treballs s&#8217;han centrat en l&#8217;obertura del barranc mitjan\u00e7ant l&#8217;eliminaci\u00f3 de vegetaci\u00f3 excessiva realitzant esbrosses selectius, poda i clareo. La zona on s&#8217;ha actuat es troba en terreny forestal i tamb\u00e9 en una zona d&#8217;interf\u00edcie urb\u00e0-forestal.<\/div>\n<div><\/div>\n<div><strong>Barranc de la Balsa<\/strong><\/div>\n<div>Tamb\u00e9 s&#8217;ha actuat en una altra zona situada en terreny forestal de Casas Altas, concretament, en el barranc de la Balsa. Aix\u00ed, les brigades forestals han podat arbres i han esbrossat la zona, que tenia molta terra sedimentada. De manera paral.lela, s&#8217;ha realitzat l&#8217;obertura del llit del barranc eliminant vegetaci\u00f3 excessiva.<\/div>\n<div>La gerent de Divalterra, Agustina Brines, ha apuntat que \u201cla labor preventiva de les brigades t\u00e9 en els llits i barrancs un dels elements clau, ja que un bon condicionament redueix el risc d&#8217;incendis en estiu, i tamb\u00e9 d&#8217;inundacions en casos de pluges torrencials\u201d.<\/div>\n<div><\/div>\n<div>En aquest sentit, el director de l&#8217;\u00e0rea, Salvador Femen\u00eda, ha explicat que \u201cen aquests casos, les accions que duen a terme els brigadistes es basen en la poda, esbrosse selectiu, manteniment de plantes aut\u00f2ctones i eliminaci\u00f3 de les al\u00f3ctonas invasores; un treball que es veu completat a m\u00e9s amb la trituraci\u00f3 \u201cin situ\u201d dels residus vegetals\u201d.<\/div>\n<\/div>\n<\/div>\n<\/div>\n<\/div>\n<\/div>\n<\/div>\n<\/div>\n<\/div>\n<\/div>\n<\/div>\n<\/div>\n<\/blockquote>\n<div><\/div>\n","protected":false},"excerpt":{"rendered":"<div class=\"mh-excerpt\">Les actuacions comprenen l&#8217;eliminaci\u00f3 de vegetaci\u00f3 oclusiva i actuacions selectives sobre la vegetaci\u00f3 Les brigades forestals de Divalterra treballen en l&#8217;eliminaci\u00f3 d&#8217;exc\u00e9s de vegetaci\u00f3 oclusiva, aix\u00ed com l&#8217;esbrosse, poda i clareo selectiu del llit del <a class=\"mh-excerpt-more\" href=\"https:\/\/www.tucomarca.com\/wordpress\/segunda\/les-brigades-forestals-de-divalterra-condicionen-barrancs-i-llits-del-raco-dademus\/\" title=\"Les brigades forestals de Divalterra condicionen barrancs i llits del Rac\u00f3 d&#8217;Adem\u00fas\">[+] <\/a><\/div>\n","protected":false},"author":2,"featured_media":56656,"comment_status":"open","ping_status":"open","sticky":false,"template":"","format":"standard","meta":{"footnotes":""},"categories":[49,8,72,117,3,45],"tags":[10531,10536],"class_list":{"0":"post-56654","1":"post","2":"type-post","3":"status-publish","4":"format-standard","5":"has-post-thumbnail","7":"category-ademuz","8":"category-la-comarca","9":"category-sin-categorizar","10":"category-medio-ambiente-la-comarca","11":"category-seccion","12":"category-ventana","13":"tag-divalterra","14":"tag-raco-dademus"},"_links":{"self":[{"href":"https:\/\/www.tucomarca.com\/wordpress\/segunda\/wp-json\/wp\/v2\/posts\/56654","targetHints":{"allow":["GET"]}}],"collection":[{"href":"https:\/\/www.tucomarca.com\/wordpress\/segunda\/wp-json\/wp\/v2\/posts"}],"about":[{"href":"https:\/\/www.tucomarca.com\/wordpress\/segunda\/wp-json\/wp\/v2\/types\/post"}],"author":[{"embeddable":true,"href":"https:\/\/www.tucomarca.com\/wordpress\/segunda\/wp-json\/wp\/v2\/users\/2"}],"replies":[{"embeddable":true,"href":"https:\/\/www.tucomarca.com\/wordpress\/segunda\/wp-json\/wp\/v2\/comments?post=56654"}],"version-history":[{"count":0,"href":"https:\/\/www.tucomarca.com\/wordpress\/segunda\/wp-json\/wp\/v2\/posts\/56654\/revisions"}],"wp:featuredmedia":[{"embeddable":true,"href":"https:\/\/www.tucomarca.com\/wordpress\/segunda\/wp-json\/wp\/v2\/media\/56656"}],"wp:attachment":[{"href":"https:\/\/www.tucomarca.com\/wordpress\/segunda\/wp-json\/wp\/v2\/media?parent=56654"}],"wp:term":[{"taxonomy":"category","embeddable":true,"href":"https:\/\/www.tucomarca.com\/wordpress\/segunda\/wp-json\/wp\/v2\/categories?post=56654"},{"taxonomy":"post_tag","embeddable":true,"href":"https:\/\/www.tucomarca.com\/wordpress\/segunda\/wp-json\/wp\/v2\/tags?post=56654"}],"curies":[{"name":"wp","href":"https:\/\/api.w.org\/{rel}","templated":true}]}}