{"id":56683,"date":"2017-05-17T10:59:40","date_gmt":"2017-05-17T08:59:40","guid":{"rendered":"http:\/\/www.tucomarca.com\/wordpress\/segunda\/?p=56683"},"modified":"2017-05-17T10:59:40","modified_gmt":"2017-05-17T08:59:40","slug":"video-de-la-operacion-antidroga-en-turis-y-vilamarxant-el-delegado-del-gobierno-informa","status":"publish","type":"post","link":"https:\/\/www.tucomarca.com\/wordpress\/segunda\/video-de-la-operacion-antidroga-en-turis-y-vilamarxant-el-delegado-del-gobierno-informa\/","title":{"rendered":"V\u00eddeo de la operaci\u00f3n antidroga en Tur\u00eds y Vilamarxant: el Delegado del Gobierno informa"},"content":{"rendered":"<p>V\u00eddeo facilitado por la Delegaci\u00f3n de Gobierno en Valencia de la operaci\u00f3n antidroga llevada a cabo en varias localidades, entre ellas Tur\u00eds y Vilamarxant, y que se ha saldado con la detenci\u00f3n de varias personas, tal como ha informado el Delegado del Gobierno, Juan Carlos Moragues.<\/p>\n","protected":false},"excerpt":{"rendered":"<div class=\"mh-excerpt\">V\u00eddeo facilitado por la Delegaci\u00f3n de Gobierno en Valencia de la operaci\u00f3n antidroga llevada a cabo en varias localidades, entre ellas Tur\u00eds y Vilamarxant, y que se ha saldado con la detenci\u00f3n de varias personas, <a class=\"mh-excerpt-more\" href=\"https:\/\/www.tucomarca.com\/wordpress\/segunda\/video-de-la-operacion-antidroga-en-turis-y-vilamarxant-el-delegado-del-gobierno-informa\/\" title=\"V\u00eddeo de la operaci\u00f3n antidroga en Tur\u00eds y Vilamarxant: el Delegado del Gobierno informa\">[+] <\/a><\/div>\n","protected":false},"author":1,"featured_media":0,"comment_status":"open","ping_status":"open","sticky":false,"template":"","format":"standard","meta":{"footnotes":""},"categories":[46,8,42,3,116,43,45,26,184],"tags":[],"class_list":{"0":"post-56683","1":"post","2":"type-post","3":"status-publish","4":"format-standard","6":"category-camp-de-turia","7":"category-la-comarca","8":"category-la-ribera","9":"category-seccion","10":"category-sucesos-la-comarca","11":"category-turis","12":"category-ventana","13":"category-video","14":"category-vilamarxant"},"_links":{"self":[{"href":"https:\/\/www.tucomarca.com\/wordpress\/segunda\/wp-json\/wp\/v2\/posts\/56683","targetHints":{"allow":["GET"]}}],"collection":[{"href":"https:\/\/www.tucomarca.com\/wordpress\/segunda\/wp-json\/wp\/v2\/posts"}],"about":[{"href":"https:\/\/www.tucomarca.com\/wordpress\/segunda\/wp-json\/wp\/v2\/types\/post"}],"author":[{"embeddable":true,"href":"https:\/\/www.tucomarca.com\/wordpress\/segunda\/wp-json\/wp\/v2\/users\/1"}],"replies":[{"embeddable":true,"href":"https:\/\/www.tucomarca.com\/wordpress\/segunda\/wp-json\/wp\/v2\/comments?post=56683"}],"version-history":[{"count":0,"href":"https:\/\/www.tucomarca.com\/wordpress\/segunda\/wp-json\/wp\/v2\/posts\/56683\/revisions"}],"wp:attachment":[{"href":"https:\/\/www.tucomarca.com\/wordpress\/segunda\/wp-json\/wp\/v2\/media?parent=56683"}],"wp:term":[{"taxonomy":"category","embeddable":true,"href":"https:\/\/www.tucomarca.com\/wordpress\/segunda\/wp-json\/wp\/v2\/categories?post=56683"},{"taxonomy":"post_tag","embeddable":true,"href":"https:\/\/www.tucomarca.com\/wordpress\/segunda\/wp-json\/wp\/v2\/tags?post=56683"}],"curies":[{"name":"wp","href":"https:\/\/api.w.org\/{rel}","templated":true}]}}