{"id":56729,"date":"2017-05-22T13:38:37","date_gmt":"2017-05-22T11:38:37","guid":{"rendered":"http:\/\/www.tucomarca.com\/wordpress\/segunda\/?p=56729"},"modified":"2017-05-22T13:38:37","modified_gmt":"2017-05-22T11:38:37","slug":"alzira-expondra-obras-de-sorolla-pinazo-o-equipo-cronica-de-la-mano-de-la-diputacion","status":"publish","type":"post","link":"https:\/\/www.tucomarca.com\/wordpress\/segunda\/alzira-expondra-obras-de-sorolla-pinazo-o-equipo-cronica-de-la-mano-de-la-diputacion\/","title":{"rendered":"Alzira expondr\u00e1 obras de Sorolla, Pinazo o Equipo Cr\u00f3nica de la mano de la Diputaci\u00f3n"},"content":{"rendered":"<figure id=\"attachment_56737\" aria-describedby=\"caption-attachment-56737\" style=\"width: 300px\" class=\"wp-caption alignleft\"><a href=\"https:\/\/www.tucomarca.com\/wordpress\/segunda\/wp-content\/uploads\/2017\/05\/MemoriaDipuAlzira.jpg\"><img loading=\"lazy\" decoding=\"async\" class=\"size-medium wp-image-56737\" src=\"https:\/\/www.tucomarca.com\/wordpress\/segunda\/wp-content\/uploads\/2017\/05\/MemoriaDipuAlzira-300x186.jpg\" alt=\"Jorge Rodr\u00edguez: \u201cCon este proyecto cumplimos con una de las principales apuestas de este equipo de Gobierno, que es dignificar la instituci\u00f3n y acercarla a la ciudadan\u00eda\u201d.\" width=\"300\" height=\"186\" srcset=\"https:\/\/www.tucomarca.com\/wordpress\/segunda\/wp-content\/uploads\/2017\/05\/MemoriaDipuAlzira-300x186.jpg 300w, https:\/\/www.tucomarca.com\/wordpress\/segunda\/wp-content\/uploads\/2017\/05\/MemoriaDipuAlzira-768x477.jpg 768w, https:\/\/www.tucomarca.com\/wordpress\/segunda\/wp-content\/uploads\/2017\/05\/MemoriaDipuAlzira-1024x636.jpg 1024w\" sizes=\"auto, (max-width: 300px) 100vw, 300px\" \/><\/a><figcaption id=\"caption-attachment-56737\" class=\"wp-caption-text\">Jorge Rodr\u00edguez: \u201cCon este proyecto cumplimos con una de las principales apuestas de este equipo de Gobierno, que es dignificar la instituci\u00f3n y acercarla a la ciudadan\u00eda\u201d.<\/figcaption><\/figure>\n<p>Piezas nunca antes expuestas de Sorolla, Pinazo, Benlliure o Equipo Cr\u00f3nica podr\u00e1n ser admiradas por los vecinos de Alzira y de poblaciones cercanas en una gira que mostrar\u00e1 en las capitales de comarca el patrimonio de la Corporaci\u00f3n provincial, fruto de m\u00e1s de un a\u00f1o de trabajo, que comenz\u00f3 con la llegada del nuevo equipo de Gobierno.<\/p>\n<p>La exposici\u00f3n \u2018Memoria de la modernitat\u2019, que\u00a0 se inaugura este pr\u00f3ximo 26 de mayo en Requena, llegar\u00e1 hacia finales de este a\u00f1o a la capital de la Ribera alta, de manera que la localidad se convertir\u00e1 en epicentro cultural con toda una serie de actividades paralelas, como talleres, mesas redondas y rutas nocturnas, enmarcadas en el programa \u2018La Diputaci\u00f3 a les comarques\u2019.<\/p>\n<p>\u201cSomos conscientes de que aquello que no se conoce no se puede apreciar y es obligaci\u00f3n de los que gobernamos las instituciones hacer que la ciudadan\u00eda nos conozca\u201d, ha se\u00f1alado el presidente, Jorge Rodr\u00edguez, quien ha a\u00f1adido que \u201ccon este proyecto cumplimos con una de las principales apuestas de este equipo de Gobierno, que es dignificar la instituci\u00f3n y acercarla a la ciudadan\u00eda\u201d.<\/p>\n<p>\u201cHa llegado la hora de que toda la sociedad valenciana conozca el valor de este patrimonio que es de todas y todos los valencianos\u201d, ha indicado Pepe Ruiz, diputado del \u00e1rea de Administraci\u00f3n General y Formaci\u00f3n. De esta manera, se ha llevado a cabo un profundo trabajo de investigaci\u00f3n, que ha revelado, en palabras de uno de los comisarios de la muestra, Rafael Gil, \u201cun grado de modernidad en el arte contempor\u00e1neo valenciano absolutamente desconocido hasta ahora\u201d.<\/p>\n<p><b>Un recorrido por la historia del arte valenciano<\/b><\/p>\n<p>\u2018Mem\u00f2ria de la modernitat\u2019 es una exposici\u00f3n comisariada por la Universitat de Val\u00e8ncia,\u00a0 compuesta por 125 obras que recorren parte de la historia del arte valenciano, desde el g\u00f3tico y el barroco, hasta los siglos XIX y XX. Incluye piezas de Ribalta, Sorolla, Pinazo, Benlliure, Equipo Cr\u00f3nica, Alfaro o Miquel Navarro, entre otros artistas. En ese sentido, Jorge Rodr\u00edguez, ha manifestado que \u201c\u00bfpor qu\u00e9 un vecino de Alzira ha de desplazarse hasta Valencia para disfrutar de las obras de Sorolla o Pinazo?\u201d.<\/p>\n<p>La muestra se estructura en cinco grandes apartados y se ha editado un cat\u00e1logo ilustrado que se constituir\u00e1 en obra de referencia en la investigaci\u00f3n del patrimonio de la instituci\u00f3n y del arte valenciano. Asimismo, se ha organizado la exposici\u00f3n paralela \u2018Coneix la Diputaci\u00f3\u2019, que se centra en difundir el funcionamiento y tareas de la Corporaci\u00f3n.<\/p>\n<p>Visitas guiadas, talleres, encuentros con artistas y\u00a0 mesas redondas ser\u00e1n otras de las actividades que se puedan disfrutar en el marco del programa. La exposici\u00f3n seguir\u00e1 recorriendo el territorio valenciano en Gandia, Ontinyent, Sagunt y Torrent durante los dos pr\u00f3ximos a\u00f1os.<\/p>\n","protected":false},"excerpt":{"rendered":"<div class=\"mh-excerpt\">Piezas nunca antes expuestas de Sorolla, Pinazo, Benlliure o Equipo Cr\u00f3nica podr\u00e1n ser admiradas por los vecinos de Alzira y de poblaciones cercanas en una gira que mostrar\u00e1 en las capitales de comarca el patrimonio <a class=\"mh-excerpt-more\" href=\"https:\/\/www.tucomarca.com\/wordpress\/segunda\/alzira-expondra-obras-de-sorolla-pinazo-o-equipo-cronica-de-la-mano-de-la-diputacion\/\" title=\"Alzira expondr\u00e1 obras de Sorolla, Pinazo o Equipo Cr\u00f3nica de la mano de la Diputaci\u00f3n\">[+] <\/a><\/div>\n","protected":false},"author":1,"featured_media":56737,"comment_status":"open","ping_status":"open","sticky":false,"template":"","format":"standard","meta":{"footnotes":""},"categories":[69,42,7,3,45],"tags":[10402,204,3640],"class_list":{"0":"post-56729","1":"post","2":"type-post","3":"status-publish","4":"format-standard","5":"has-post-thumbnail","7":"category-alzira","8":"category-la-ribera","9":"category-ocio-y-cultura","10":"category-seccion","11":"category-ventana","12":"tag-alzira","13":"tag-diputacion","14":"tag-la-ribera-alta"},"_links":{"self":[{"href":"https:\/\/www.tucomarca.com\/wordpress\/segunda\/wp-json\/wp\/v2\/posts\/56729","targetHints":{"allow":["GET"]}}],"collection":[{"href":"https:\/\/www.tucomarca.com\/wordpress\/segunda\/wp-json\/wp\/v2\/posts"}],"about":[{"href":"https:\/\/www.tucomarca.com\/wordpress\/segunda\/wp-json\/wp\/v2\/types\/post"}],"author":[{"embeddable":true,"href":"https:\/\/www.tucomarca.com\/wordpress\/segunda\/wp-json\/wp\/v2\/users\/1"}],"replies":[{"embeddable":true,"href":"https:\/\/www.tucomarca.com\/wordpress\/segunda\/wp-json\/wp\/v2\/comments?post=56729"}],"version-history":[{"count":0,"href":"https:\/\/www.tucomarca.com\/wordpress\/segunda\/wp-json\/wp\/v2\/posts\/56729\/revisions"}],"wp:featuredmedia":[{"embeddable":true,"href":"https:\/\/www.tucomarca.com\/wordpress\/segunda\/wp-json\/wp\/v2\/media\/56737"}],"wp:attachment":[{"href":"https:\/\/www.tucomarca.com\/wordpress\/segunda\/wp-json\/wp\/v2\/media?parent=56729"}],"wp:term":[{"taxonomy":"category","embeddable":true,"href":"https:\/\/www.tucomarca.com\/wordpress\/segunda\/wp-json\/wp\/v2\/categories?post=56729"},{"taxonomy":"post_tag","embeddable":true,"href":"https:\/\/www.tucomarca.com\/wordpress\/segunda\/wp-json\/wp\/v2\/tags?post=56729"}],"curies":[{"name":"wp","href":"https:\/\/api.w.org\/{rel}","templated":true}]}}