{"id":56760,"date":"2017-05-22T13:54:48","date_gmt":"2017-05-22T11:54:48","guid":{"rendered":"http:\/\/www.tucomarca.com\/wordpress\/segunda\/?p=56760"},"modified":"2017-05-22T13:54:48","modified_gmt":"2017-05-22T11:54:48","slug":"el-programa-pilota-a-lescola-arriba-a-la-seua-recta-final","status":"publish","type":"post","link":"https:\/\/www.tucomarca.com\/wordpress\/segunda\/el-programa-pilota-a-lescola-arriba-a-la-seua-recta-final\/","title":{"rendered":"El programa Pilota a l&#8217;Escola arriba a la seua recta final"},"content":{"rendered":"<figure id=\"attachment_56761\" aria-describedby=\"caption-attachment-56761\" style=\"width: 300px\" class=\"wp-caption alignleft\"><a href=\"https:\/\/www.tucomarca.com\/wordpress\/segunda\/wp-content\/uploads\/2017\/05\/PilotaEscola.jpg\"><img loading=\"lazy\" decoding=\"async\" class=\"size-medium wp-image-56761\" src=\"https:\/\/www.tucomarca.com\/wordpress\/segunda\/wp-content\/uploads\/2017\/05\/PilotaEscola-300x200.jpg\" alt=\"El programa Pilota a l'Escola arriba a la seua recta final.\" width=\"300\" height=\"200\" srcset=\"https:\/\/www.tucomarca.com\/wordpress\/segunda\/wp-content\/uploads\/2017\/05\/PilotaEscola-300x200.jpg 300w, https:\/\/www.tucomarca.com\/wordpress\/segunda\/wp-content\/uploads\/2017\/05\/PilotaEscola-768x512.jpg 768w, https:\/\/www.tucomarca.com\/wordpress\/segunda\/wp-content\/uploads\/2017\/05\/PilotaEscola-1024x683.jpg 1024w\" sizes=\"auto, (max-width: 300px) 100vw, 300px\" \/><\/a><figcaption id=\"caption-attachment-56761\" class=\"wp-caption-text\">El programa Pilota a l&#8217;Escola arriba a la seua recta final.<\/figcaption><\/figure>\n<p>El programa de la Conselleria d&#8217;Educaci\u00f3, Investigaci\u00f3, Cultura i Esports, Pilota a l&#8217;Escola, que organitza des de fa ja deu anys la Federaci\u00f3 de Pilota Valenciana, acabar\u00e0 aquesta setmana la fase de sessions als centres educatius. Pilota a l&#8217;Escola arriba a la seua recta final pel que fa a la programaci\u00f3 de sessions, en aquest cas a les comarques de Val\u00e8ncia, ja que a Alacant i Castell\u00f3 ja van finalitzar fa unes setmanes. Els \u00faltims col\u00b7legis visitats han sigut els centres CEIP Rei en Jaume de Tavernes Blanques, el Col\u00b7legi San Roque de Val\u00e8ncia i el centre privat Nuestra Se\u00f1ora de F\u00e1tima de Sueca.<\/p>\n<p>Ara el Pilota a l&#8217;Escola encara les setmanes de cloendes, en les que els centres es reuniran per passar un mat\u00ed sencer aprenent pilota valenciana, en la modalitat de raspall, i coneixent xiquets d&#8217;altres centres tamb\u00e9 interessats en la pr\u00e0ctica de la pilota valenciana.<\/p>\n<p>La primera d&#8217;aquestes trobades tindr\u00e0 lloc en Castell\u00f3 el dia 25 de maig, al Complex Sindical, i el dia 30 de maig es traslladar\u00e0 l&#8217;activitat al poliesportiu de Massalfassar. Ja al mes de juny, el dia 1, ser\u00e0 el torn del poliesportiu de Piles, el 6 tocar\u00e0 despla\u00e7ar-se fins a Ontinyent i acabar\u00e0 el cicle de cloendes a Benidorm, al Palau d&#8217;Esports L&#8217;Illa, programada per al dia 8 de juny.<\/p>\n<p>Pilota a l&#8217;Escola apropa el nostre esport m\u00e9s representatiu a les escoles valencianes. Enguany han participat 385, cosa que suposa un increment del 19% en la participaci\u00f3 respecte a l&#8217;edici\u00f3 passada. Aproximadament, 17.000 xiquets i xiquetes han gaudit de l&#8217;activitat.<\/p>\n<p>Per comarques, han participat en total 115 escoles d&#8217;Alacant, 60 de les comarques de Castell\u00f3 i 210 de les comarques de Val\u00e8ncia. A m\u00e9s, a l&#8217;edici\u00f3 de 2017, la Conselleria ha ampliat el pressupost de 95.000 a 115.000 euros, un 21% m\u00e9s.<\/p>\n","protected":false},"excerpt":{"rendered":"<div class=\"mh-excerpt\">El programa de la Conselleria d&#8217;Educaci\u00f3, Investigaci\u00f3, Cultura i Esports, Pilota a l&#8217;Escola, que organitza des de fa ja deu anys la Federaci\u00f3 de Pilota Valenciana, acabar\u00e0 aquesta setmana la fase de sessions als centres <a class=\"mh-excerpt-more\" href=\"https:\/\/www.tucomarca.com\/wordpress\/segunda\/el-programa-pilota-a-lescola-arriba-a-la-seua-recta-final\/\" title=\"El programa Pilota a l&#8217;Escola arriba a la seua recta final\">[+] <\/a><\/div>\n","protected":false},"author":1,"featured_media":56761,"comment_status":"open","ping_status":"open","sticky":false,"template":"","format":"standard","meta":{"footnotes":""},"categories":[6,72,199,3],"tags":[10544],"class_list":{"0":"post-56760","1":"post","2":"type-post","3":"status-publish","4":"format-standard","5":"has-post-thumbnail","7":"category-deportes","8":"category-sin-categorizar","9":"category-polideportivo","10":"category-seccion","11":"tag-pilota"},"_links":{"self":[{"href":"https:\/\/www.tucomarca.com\/wordpress\/segunda\/wp-json\/wp\/v2\/posts\/56760","targetHints":{"allow":["GET"]}}],"collection":[{"href":"https:\/\/www.tucomarca.com\/wordpress\/segunda\/wp-json\/wp\/v2\/posts"}],"about":[{"href":"https:\/\/www.tucomarca.com\/wordpress\/segunda\/wp-json\/wp\/v2\/types\/post"}],"author":[{"embeddable":true,"href":"https:\/\/www.tucomarca.com\/wordpress\/segunda\/wp-json\/wp\/v2\/users\/1"}],"replies":[{"embeddable":true,"href":"https:\/\/www.tucomarca.com\/wordpress\/segunda\/wp-json\/wp\/v2\/comments?post=56760"}],"version-history":[{"count":0,"href":"https:\/\/www.tucomarca.com\/wordpress\/segunda\/wp-json\/wp\/v2\/posts\/56760\/revisions"}],"wp:featuredmedia":[{"embeddable":true,"href":"https:\/\/www.tucomarca.com\/wordpress\/segunda\/wp-json\/wp\/v2\/media\/56761"}],"wp:attachment":[{"href":"https:\/\/www.tucomarca.com\/wordpress\/segunda\/wp-json\/wp\/v2\/media?parent=56760"}],"wp:term":[{"taxonomy":"category","embeddable":true,"href":"https:\/\/www.tucomarca.com\/wordpress\/segunda\/wp-json\/wp\/v2\/categories?post=56760"},{"taxonomy":"post_tag","embeddable":true,"href":"https:\/\/www.tucomarca.com\/wordpress\/segunda\/wp-json\/wp\/v2\/tags?post=56760"}],"curies":[{"name":"wp","href":"https:\/\/api.w.org\/{rel}","templated":true}]}}