{"id":56791,"date":"2017-05-22T20:43:11","date_gmt":"2017-05-22T18:43:11","guid":{"rendered":"http:\/\/www.tucomarca.com\/wordpress\/segunda\/?p=56791"},"modified":"2017-05-22T20:43:11","modified_gmt":"2017-05-22T18:43:11","slug":"la-diputacion-ayudara-a-fuenterrobles-a-reparar-los-caminos-del-termino-municipal-danados-por-las-lluvias","status":"publish","type":"post","link":"https:\/\/www.tucomarca.com\/wordpress\/segunda\/la-diputacion-ayudara-a-fuenterrobles-a-reparar-los-caminos-del-termino-municipal-danados-por-las-lluvias\/","title":{"rendered":"La Diputaci\u00f3n ayudar\u00e1 a Fuenterrobles a reparar los caminos del t\u00e9rmino municipal da\u00f1ados por las lluvias"},"content":{"rendered":"<figure id=\"attachment_56792\" aria-describedby=\"caption-attachment-56792\" style=\"width: 300px\" class=\"wp-caption alignleft\"><a href=\"https:\/\/www.tucomarca.com\/wordpress\/segunda\/wp-content\/uploads\/2017\/05\/RodriguezFuenterrobles.jpg\"><img loading=\"lazy\" decoding=\"async\" class=\"size-medium wp-image-56792\" src=\"https:\/\/www.tucomarca.com\/wordpress\/segunda\/wp-content\/uploads\/2017\/05\/RodriguezFuenterrobles-300x183.jpg\" alt=\"El presidente, Jorge Rodr\u00edguez, y la alcaldesa de Fuenterrobles, Estefan\u00eda Berlanga.\" width=\"300\" height=\"183\" srcset=\"https:\/\/www.tucomarca.com\/wordpress\/segunda\/wp-content\/uploads\/2017\/05\/RodriguezFuenterrobles-300x183.jpg 300w, https:\/\/www.tucomarca.com\/wordpress\/segunda\/wp-content\/uploads\/2017\/05\/RodriguezFuenterrobles-768x469.jpg 768w, https:\/\/www.tucomarca.com\/wordpress\/segunda\/wp-content\/uploads\/2017\/05\/RodriguezFuenterrobles-1024x626.jpg 1024w\" sizes=\"auto, (max-width: 300px) 100vw, 300px\" \/><\/a><figcaption id=\"caption-attachment-56792\" class=\"wp-caption-text\">El presidente, Jorge Rodr\u00edguez, y la alcaldesa de Fuenterrobles, Estefan\u00eda Berlanga.<\/figcaption><\/figure>\n<p>La Diputaci\u00f3n de Valencia ayudar\u00e1 a Fuenterrobles a reparar los caminos del t\u00e9rmino municipal da\u00f1ados por las lluvias. La alcaldesa del municipio, Estefan\u00eda Berlanga, se ha reunido con el presidente de la Corporaci\u00f3n, Jorge Rodr\u00edguez, en la sede de la instituci\u00f3n provincial para acercar la situaci\u00f3n que vive la localidad como consecuencia de las fuertes precipitaciones que el \u00e1rea ha\u00a0 tenido en los \u00faltimos meses, dejando muy da\u00f1ada la red de caminos.<\/p>\n<p>\u201cVen\u00edamos ya de p\u00e9rdidas de infraestructuras agrarias, que estaban muy estropeadas. Del 25% se ha pasado al 75% de caminos impracticables con peligro incluso para la integridad de las personas, porque circulan tractores, vendimiadoras y camiones\u201d, ha explicado la alcaldesa de Fuenterrobles. En este sentido, el ayuntamiento ha mostrado su disposici\u00f3n a iniciar los trabajos de reparaci\u00f3n, a lo que la Diputaci\u00f3n se ha comprometido a ceder dos m\u00e1quinas del servicio de carreteras para la reparaci\u00f3n de los caminos.<\/p>\n<p>Los veh\u00edculos que se pondr\u00e1n a disposici\u00f3n de Fuenterrobles son un rodillo compactador y una moto niveladora, que se encontraban fuera de servicio. Asimismo, una vez se hayan resuelto las ayudas concedidas por la Generalitat Valenciana al municipio, en funci\u00f3n de la cuant\u00eda recibida la Corporaci\u00f3n asistir\u00e1 a la localidad en la adquisici\u00f3n de los materiales necesarios para el acondicionamiento de las v\u00edas afectadas. \u201cCon esta ayuda solventamos la parte m\u00e1s grave de la situaci\u00f3n, para dejar las infraestructuras agrarias como estaban\u201d, ha a\u00f1adido Estefan\u00eda Berlanga.<\/p>\n","protected":false},"excerpt":{"rendered":"<div class=\"mh-excerpt\">La Diputaci\u00f3n de Valencia ayudar\u00e1 a Fuenterrobles a reparar los caminos del t\u00e9rmino municipal da\u00f1ados por las lluvias. La alcaldesa del municipio, Estefan\u00eda Berlanga, se ha reunido con el presidente de la Corporaci\u00f3n, Jorge Rodr\u00edguez, <a class=\"mh-excerpt-more\" href=\"https:\/\/www.tucomarca.com\/wordpress\/segunda\/la-diputacion-ayudara-a-fuenterrobles-a-reparar-los-caminos-del-termino-municipal-danados-por-las-lluvias\/\" title=\"La Diputaci\u00f3n ayudar\u00e1 a Fuenterrobles a reparar los caminos del t\u00e9rmino municipal da\u00f1ados por las lluvias\">[+] <\/a><\/div>\n","protected":false},"author":1,"featured_media":56792,"comment_status":"open","ping_status":"open","sticky":false,"template":"","format":"standard","meta":{"footnotes":""},"categories":[169,139,128,8,27,3,45],"tags":[204,10416,10387],"class_list":{"0":"post-56791","1":"post","2":"type-post","3":"status-publish","4":"format-standard","5":"has-post-thumbnail","7":"category-agricultura-la-comarca","8":"category-fuenterrobles","9":"category-infraestructuras","10":"category-la-comarca","11":"category-requena-utiel","12":"category-seccion","13":"category-ventana","14":"tag-diputacion","15":"tag-fuenterrobles","16":"tag-requena-utiel"},"_links":{"self":[{"href":"https:\/\/www.tucomarca.com\/wordpress\/segunda\/wp-json\/wp\/v2\/posts\/56791","targetHints":{"allow":["GET"]}}],"collection":[{"href":"https:\/\/www.tucomarca.com\/wordpress\/segunda\/wp-json\/wp\/v2\/posts"}],"about":[{"href":"https:\/\/www.tucomarca.com\/wordpress\/segunda\/wp-json\/wp\/v2\/types\/post"}],"author":[{"embeddable":true,"href":"https:\/\/www.tucomarca.com\/wordpress\/segunda\/wp-json\/wp\/v2\/users\/1"}],"replies":[{"embeddable":true,"href":"https:\/\/www.tucomarca.com\/wordpress\/segunda\/wp-json\/wp\/v2\/comments?post=56791"}],"version-history":[{"count":0,"href":"https:\/\/www.tucomarca.com\/wordpress\/segunda\/wp-json\/wp\/v2\/posts\/56791\/revisions"}],"wp:featuredmedia":[{"embeddable":true,"href":"https:\/\/www.tucomarca.com\/wordpress\/segunda\/wp-json\/wp\/v2\/media\/56792"}],"wp:attachment":[{"href":"https:\/\/www.tucomarca.com\/wordpress\/segunda\/wp-json\/wp\/v2\/media?parent=56791"}],"wp:term":[{"taxonomy":"category","embeddable":true,"href":"https:\/\/www.tucomarca.com\/wordpress\/segunda\/wp-json\/wp\/v2\/categories?post=56791"},{"taxonomy":"post_tag","embeddable":true,"href":"https:\/\/www.tucomarca.com\/wordpress\/segunda\/wp-json\/wp\/v2\/tags?post=56791"}],"curies":[{"name":"wp","href":"https:\/\/api.w.org\/{rel}","templated":true}]}}