{"id":56810,"date":"2017-05-22T20:30:10","date_gmt":"2017-05-22T18:30:10","guid":{"rendered":"http:\/\/www.tucomarca.com\/wordpress\/segunda\/?p=56810"},"modified":"2017-05-22T20:30:10","modified_gmt":"2017-05-22T18:30:10","slug":"la-concejalia-de-comercio-de-bunol-realiza-un-balance-positivo-de-la-xii-feria-de-comercio-turismo-gastronomia-y-empleo","status":"publish","type":"post","link":"https:\/\/www.tucomarca.com\/wordpress\/segunda\/la-concejalia-de-comercio-de-bunol-realiza-un-balance-positivo-de-la-xii-feria-de-comercio-turismo-gastronomia-y-empleo\/","title":{"rendered":"La concejal\u00eda de Comercio de Bu\u00f1ol realiza un balance positivo de la XII Feria de Comercio, Turismo, Gastronom\u00eda y Empleo"},"content":{"rendered":"<figure id=\"attachment_56811\" aria-describedby=\"caption-attachment-56811\" style=\"width: 533px\" class=\"wp-caption alignleft\"><a href=\"https:\/\/www.tucomarca.com\/wordpress\/segunda\/wp-content\/uploads\/2017\/05\/bunyolinaugferia.jpg\"><img loading=\"lazy\" decoding=\"async\" class=\" wp-image-56811\" src=\"https:\/\/www.tucomarca.com\/wordpress\/segunda\/wp-content\/uploads\/2017\/05\/bunyolinaugferia.jpg\" alt=\"Momento de la inauguraci\u00f3n oficial de la Feria de Comercio de Bu\u00f1ol 2017.\" width=\"533\" height=\"357\" srcset=\"https:\/\/www.tucomarca.com\/wordpress\/segunda\/wp-content\/uploads\/2017\/05\/bunyolinaugferia.jpg 850w, https:\/\/www.tucomarca.com\/wordpress\/segunda\/wp-content\/uploads\/2017\/05\/bunyolinaugferia-300x201.jpg 300w, https:\/\/www.tucomarca.com\/wordpress\/segunda\/wp-content\/uploads\/2017\/05\/bunyolinaugferia-768x514.jpg 768w\" sizes=\"auto, (max-width: 533px) 100vw, 533px\" \/><\/a><figcaption id=\"caption-attachment-56811\" class=\"wp-caption-text\">Momento de la inauguraci\u00f3n oficial de la Feria de Comercio de Bu\u00f1ol 2017.<\/figcaption><\/figure>\n<p>La Concejal\u00eda de Comercio de Bu\u00f1ol, con Manuel Sierra a la cabeza, ha calificado de \u00abmuy positiva\u00bb la reciente XII Feria del Comercio, Turismo, Gastronom\u00eda y Empleo de la localidad. Tras cuatro ediciones como concejal responsable de la Feria del Comercio, entiende que se trata de una feria abierta a la comarca, \u201celiminando prejuicios instalados durante d\u00e9cadas entre poblaciones,\u00a0 demostrando con hechos nuestra apuesta por hacer comarca, con programaci\u00f3n protagonizada por colectivos de Bu\u00f1ol en su mayor\u00eda, como \u00abEl Litro\u00bb, \u00abLos Feos\u00bb, conservatorio, grupos de rock locales, hateros&#8230; y como corresponde a un evento de estas caracter\u00edsticas, aunque cueste m\u00e1s de organizar\u201d.<\/p>\n<p>El edil bu\u00f1olense ha confirmado que a pesar del enorme trabajo de organizaci\u00f3n y coordinaci\u00f3n desde principios de a\u00f1o, tanto la Asociaci\u00f3n de Empresarios y Aut\u00f3nomos de Bu\u00f1ol como esta concejal\u00eda han entendido que ten\u00edan que apostar por los actos organizados por colectivos y asociaciones locales, \u201cya que lo f\u00e1cil hubiera sido sacar el talonario, pasarse de presupuesto y rellenar el fin de semana con actividades que poco o nada tienen que ver con nuestro pueblo, pero eso no es gestionar\u201d.<\/p>\n<p>Manuel Sierra ha subrayado que desde el \u00abrespeto al comercio, columna vertebral de la feria sin lugar a dudas, abrir la feria a otras concejal\u00edas y espacio ha sido desde el principio, los objetivos que nos hemos marcado desde esta concejal\u00eda y siempre con la ayuda, el trabajo, el liderazgo y la altura de miras de la asociaci\u00f3n de empresarios. Por ello, entiendo que son objetivos que se est\u00e1n cumpliendo\u201d.<\/p>\n<p>El concejal bu\u00f1olense ha finalizado confirmando su continuidad a este tipo de trabajo: \u201cnosotros vamos a seguir trabajando y haciendo m\u00e1s grande nuestro pueblo y a buscar los alicientes para continuar, siempre hacia adelante y en positivo\u201d.<\/p>\n","protected":false},"excerpt":{"rendered":"<div class=\"mh-excerpt\">La Concejal\u00eda de Comercio de Bu\u00f1ol, con Manuel Sierra a la cabeza, ha calificado de \u00abmuy positiva\u00bb la reciente XII Feria del Comercio, Turismo, Gastronom\u00eda y Empleo de la localidad. Tras cuatro ediciones como concejal <a class=\"mh-excerpt-more\" href=\"https:\/\/www.tucomarca.com\/wordpress\/segunda\/la-concejalia-de-comercio-de-bunol-realiza-un-balance-positivo-de-la-xii-feria-de-comercio-turismo-gastronomia-y-empleo\/\" title=\"La concejal\u00eda de Comercio de Bu\u00f1ol realiza un balance positivo de la XII Feria de Comercio, Turismo, Gastronom\u00eda y Empleo\">[+] <\/a><\/div>\n","protected":false},"author":1,"featured_media":56811,"comment_status":"open","ping_status":"open","sticky":false,"template":"","format":"standard","meta":{"footnotes":""},"categories":[8,10,5,383,3,45],"tags":[10493,5952],"class_list":{"0":"post-56810","1":"post","2":"type-post","3":"status-publish","4":"format-standard","5":"has-post-thumbnail","7":"category-la-comarca","8":"category-la-hoya","9":"category-la-semana-en-imagenes","10":"category-pueblos-en-fiestas","11":"category-seccion","12":"category-ventana","13":"tag-feria-de-comercio","14":"tag-la-hoya-de-bunol-chiva"},"_links":{"self":[{"href":"https:\/\/www.tucomarca.com\/wordpress\/segunda\/wp-json\/wp\/v2\/posts\/56810","targetHints":{"allow":["GET"]}}],"collection":[{"href":"https:\/\/www.tucomarca.com\/wordpress\/segunda\/wp-json\/wp\/v2\/posts"}],"about":[{"href":"https:\/\/www.tucomarca.com\/wordpress\/segunda\/wp-json\/wp\/v2\/types\/post"}],"author":[{"embeddable":true,"href":"https:\/\/www.tucomarca.com\/wordpress\/segunda\/wp-json\/wp\/v2\/users\/1"}],"replies":[{"embeddable":true,"href":"https:\/\/www.tucomarca.com\/wordpress\/segunda\/wp-json\/wp\/v2\/comments?post=56810"}],"version-history":[{"count":0,"href":"https:\/\/www.tucomarca.com\/wordpress\/segunda\/wp-json\/wp\/v2\/posts\/56810\/revisions"}],"wp:featuredmedia":[{"embeddable":true,"href":"https:\/\/www.tucomarca.com\/wordpress\/segunda\/wp-json\/wp\/v2\/media\/56811"}],"wp:attachment":[{"href":"https:\/\/www.tucomarca.com\/wordpress\/segunda\/wp-json\/wp\/v2\/media?parent=56810"}],"wp:term":[{"taxonomy":"category","embeddable":true,"href":"https:\/\/www.tucomarca.com\/wordpress\/segunda\/wp-json\/wp\/v2\/categories?post=56810"},{"taxonomy":"post_tag","embeddable":true,"href":"https:\/\/www.tucomarca.com\/wordpress\/segunda\/wp-json\/wp\/v2\/tags?post=56810"}],"curies":[{"name":"wp","href":"https:\/\/api.w.org\/{rel}","templated":true}]}}