{"id":56831,"date":"2017-05-22T20:54:22","date_gmt":"2017-05-22T18:54:22","guid":{"rendered":"http:\/\/www.tucomarca.com\/wordpress\/segunda\/?p=56831"},"modified":"2017-05-22T20:54:22","modified_gmt":"2017-05-22T18:54:22","slug":"oltra-el-nuevo-modelo-de-atencion-en-centros-de-acogimiento-infantil-prima-la-calidad-sobre-el-precio","status":"publish","type":"post","link":"https:\/\/www.tucomarca.com\/wordpress\/segunda\/oltra-el-nuevo-modelo-de-atencion-en-centros-de-acogimiento-infantil-prima-la-calidad-sobre-el-precio\/","title":{"rendered":"Oltra: \u00abEl nuevo modelo de atenci\u00f3n en centros de acogimiento infantil prima la calidad sobre el precio\u00bb"},"content":{"rendered":"<figure id=\"attachment_56832\" aria-describedby=\"caption-attachment-56832\" style=\"width: 1024px\" class=\"wp-caption alignleft\"><a href=\"https:\/\/www.tucomarca.com\/wordpress\/segunda\/wp-content\/uploads\/2017\/05\/OltraMenores.jpg\"><img loading=\"lazy\" decoding=\"async\" class=\"size-large wp-image-56832\" src=\"https:\/\/www.tucomarca.com\/wordpress\/segunda\/wp-content\/uploads\/2017\/05\/OltraMenores-1024x683.jpg\" alt=\"La vicepresidenta y consellera de Igualdad y Pol\u00edticas Inclusivas, M\u00f3nica Oltra, durante la reuni\u00f3n.\" width=\"1024\" height=\"683\" srcset=\"https:\/\/www.tucomarca.com\/wordpress\/segunda\/wp-content\/uploads\/2017\/05\/OltraMenores-1024x683.jpg 1024w, https:\/\/www.tucomarca.com\/wordpress\/segunda\/wp-content\/uploads\/2017\/05\/OltraMenores-300x200.jpg 300w, https:\/\/www.tucomarca.com\/wordpress\/segunda\/wp-content\/uploads\/2017\/05\/OltraMenores-768x512.jpg 768w\" sizes=\"auto, (max-width: 1024px) 100vw, 1024px\" \/><\/a><figcaption id=\"caption-attachment-56832\" class=\"wp-caption-text\">La vicepresidenta y consellera de Igualdad y Pol\u00edticas Inclusivas, M\u00f3nica Oltra, durante la reuni\u00f3n.<\/figcaption><\/figure>\n<p>La vicepresidenta y consellera de Igualdad y Pol\u00edticas Inclusivas, M\u00f3nica Oltra, ha asegurado que el nuevo modelo de acogimiento residencial y protecci\u00f3n infantil, elaborado por su departamento, \u00abadem\u00e1s del refuerzo de los equipos profesionales, prev\u00e9 un incremento del precio de las plazas de entre el 26% y el 101%, en funci\u00f3n de la tipolog\u00eda del centro, porque partimos de primar la calidad sobre el precio\u00bb.<\/p>\n<p>As\u00ed lo ha asegurado Oltra tras la reuni\u00f3n mantenida con representantes de las entidades de infancia de UNICEF, Save The Children, C\u00e1ritas y Cruz Roja para explicar el nuevo plan residencial del sistema de protecci\u00f3n, elaborado en funci\u00f3n de los objetivos en materia de protecci\u00f3n y defensa de infancia propuestos.<\/p>\n<p>Seg\u00fan ha indicado la vicepresidenta, \u00abel nuevo plan contempla un refuerzo de los equipos de atenci\u00f3n en un 61% y una reducci\u00f3n de la ratio en el n\u00famero de ni\u00f1as y ni\u00f1os en cada centro, con el objetivo de dar una atenci\u00f3n m\u00e1s especializada e individualizada, y para que el sistema se adapte a cada ni\u00f1o y ni\u00f1a y no que ellos y ellas se tengan que adaptar a un sistema\u00bb.<\/p>\n<p>Asimismo, ha precisado que el plan incluye la realizaci\u00f3n en los centros residenciales de asambleas de ni\u00f1os y ni\u00f1as de manera que puedan evaluar el trabajo de los educadores y educadoras y no sean s\u00f3lo los adultos los que les eval\u00faen\u00bb.<\/p>\n<p>Tambi\u00e9n, ha precisado la vicepresidenta del Consell, el plan \u00abse encamina a un sistema con una tipolog\u00eda de centros cada vez m\u00e1s peque\u00f1os, por lo que el nuevo modelo contempla reducir el n\u00famero de plazas en los distintos centros, de manera que los de recepci\u00f3n no superar\u00e1n las 30 plazas y los de protecci\u00f3n ser\u00e1n, preferentemente, de 6, 8 y 10 plaza y, en todo caso, hasta un m\u00e1ximo de 24, favoreciendo que los centros tengan una concepci\u00f3n lo m\u00e1s similar a un hogar\u00bb.<\/p>\n<p>Con el objetivo de desinstitucionalizar el sistema de protecci\u00f3n a la infancia Oltra ha resaltado que, en un a\u00f1o, se ha logrado con un 21% en ni\u00f1os y ni\u00f1as de 0 a 6 a\u00f1os. En este sentido, ha recordado la apuesta de la conselleria \u00abpor el acogimiento familiar frente al residencial y el impulso de la campa\u00f1a &#8216;Millor en familia&#8217;, puesta en marcha el pasado mes de diciembre, para que ninguna ni\u00f1a o ni\u00f1o menor de 6 a\u00f1os est\u00e9 en un centro\u00bb.<\/p>\n<p>Por otro lado, M\u00f3nica Oltra ha asegurado que, en la reuni\u00f3n, las entidades de infancia se han mostrado \u00abtotalmente de acuerdo\u00bb con el nuevo plan porque \u00abva en la l\u00ednea de lo que ellos han defendido durante 20 a\u00f1os\u00bb.<\/p>\n<p>Asimismo, Oltra ha destacado \u00abla buena acogida del plan por parte de las entidades y el acuerdo de que \u00e9ste se plasme en la nueva ley de infancia que la Generalitat est\u00e1 elaborando, tambi\u00e9n, con la participaci\u00f3n de las entidades\u00bb.<\/p>\n","protected":false},"excerpt":{"rendered":"<div class=\"mh-excerpt\">La vicepresidenta y consellera de Igualdad y Pol\u00edticas Inclusivas, M\u00f3nica Oltra, ha asegurado que el nuevo modelo de acogimiento residencial y protecci\u00f3n infantil, elaborado por su departamento, \u00abadem\u00e1s del refuerzo de los equipos profesionales, prev\u00e9 <a class=\"mh-excerpt-more\" href=\"https:\/\/www.tucomarca.com\/wordpress\/segunda\/oltra-el-nuevo-modelo-de-atencion-en-centros-de-acogimiento-infantil-prima-la-calidad-sobre-el-precio\/\" title=\"Oltra: \u00abEl nuevo modelo de atenci\u00f3n en centros de acogimiento infantil prima la calidad sobre el precio\u00bb\">[+] <\/a><\/div>\n","protected":false},"author":1,"featured_media":56832,"comment_status":"open","ping_status":"open","sticky":false,"template":"","format":"standard","meta":{"footnotes":""},"categories":[18,128,8,10,3,45],"tags":[],"class_list":{"0":"post-56831","1":"post","2":"type-post","3":"status-publish","4":"format-standard","5":"has-post-thumbnail","7":"category-bunol","8":"category-infraestructuras","9":"category-la-comarca","10":"category-la-hoya","11":"category-seccion","12":"category-ventana"},"_links":{"self":[{"href":"https:\/\/www.tucomarca.com\/wordpress\/segunda\/wp-json\/wp\/v2\/posts\/56831","targetHints":{"allow":["GET"]}}],"collection":[{"href":"https:\/\/www.tucomarca.com\/wordpress\/segunda\/wp-json\/wp\/v2\/posts"}],"about":[{"href":"https:\/\/www.tucomarca.com\/wordpress\/segunda\/wp-json\/wp\/v2\/types\/post"}],"author":[{"embeddable":true,"href":"https:\/\/www.tucomarca.com\/wordpress\/segunda\/wp-json\/wp\/v2\/users\/1"}],"replies":[{"embeddable":true,"href":"https:\/\/www.tucomarca.com\/wordpress\/segunda\/wp-json\/wp\/v2\/comments?post=56831"}],"version-history":[{"count":0,"href":"https:\/\/www.tucomarca.com\/wordpress\/segunda\/wp-json\/wp\/v2\/posts\/56831\/revisions"}],"wp:featuredmedia":[{"embeddable":true,"href":"https:\/\/www.tucomarca.com\/wordpress\/segunda\/wp-json\/wp\/v2\/media\/56832"}],"wp:attachment":[{"href":"https:\/\/www.tucomarca.com\/wordpress\/segunda\/wp-json\/wp\/v2\/media?parent=56831"}],"wp:term":[{"taxonomy":"category","embeddable":true,"href":"https:\/\/www.tucomarca.com\/wordpress\/segunda\/wp-json\/wp\/v2\/categories?post=56831"},{"taxonomy":"post_tag","embeddable":true,"href":"https:\/\/www.tucomarca.com\/wordpress\/segunda\/wp-json\/wp\/v2\/tags?post=56831"}],"curies":[{"name":"wp","href":"https:\/\/api.w.org\/{rel}","templated":true}]}}