{"id":56838,"date":"2017-05-23T14:57:40","date_gmt":"2017-05-23T12:57:40","guid":{"rendered":"http:\/\/www.tucomarca.com\/wordpress\/segunda\/?p=56838"},"modified":"2017-05-23T14:57:40","modified_gmt":"2017-05-23T12:57:40","slug":"agentes-realizan-durante-esta-semana-un-curso-de-seguridad-vial-en-vilamarxant-cuya-inscripcion-se-ha-realizado-a-traves-de-la-donacion-de-alimentos","status":"publish","type":"post","link":"https:\/\/www.tucomarca.com\/wordpress\/segunda\/agentes-realizan-durante-esta-semana-un-curso-de-seguridad-vial-en-vilamarxant-cuya-inscripcion-se-ha-realizado-a-traves-de-la-donacion-de-alimentos\/","title":{"rendered":"Agentes realizan durante esta semana un curso de seguridad vial en Vilamarxant, cuya inscripci\u00f3n se ha realizado a trav\u00e9s de la donaci\u00f3n de alimentos"},"content":{"rendered":"<figure id=\"attachment_56840\" aria-describedby=\"caption-attachment-56840\" style=\"width: 396px\" class=\"wp-caption alignleft\"><a href=\"https:\/\/www.tucomarca.com\/wordpress\/segunda\/wp-content\/uploads\/2017\/05\/Vilamarxantcurspoli.jpg\"><img loading=\"lazy\" decoding=\"async\" class=\" wp-image-56840\" src=\"https:\/\/www.tucomarca.com\/wordpress\/segunda\/wp-content\/uploads\/2017\/05\/Vilamarxantcurspoli-1024x576.jpg\" alt=\"Los y las agentes realizan durante esta semana un curso de seguridad vial, cuya inscripci\u00f3n se ha realizado a trav\u00e9s de la donaci\u00f3n de alimentos.\" width=\"396\" height=\"223\" srcset=\"https:\/\/www.tucomarca.com\/wordpress\/segunda\/wp-content\/uploads\/2017\/05\/Vilamarxantcurspoli-1024x576.jpg 1024w, https:\/\/www.tucomarca.com\/wordpress\/segunda\/wp-content\/uploads\/2017\/05\/Vilamarxantcurspoli-300x169.jpg 300w, https:\/\/www.tucomarca.com\/wordpress\/segunda\/wp-content\/uploads\/2017\/05\/Vilamarxantcurspoli-768x432.jpg 768w, https:\/\/www.tucomarca.com\/wordpress\/segunda\/wp-content\/uploads\/2017\/05\/Vilamarxantcurspoli.jpg 1600w\" sizes=\"auto, (max-width: 396px) 100vw, 396px\" \/><\/a><figcaption id=\"caption-attachment-56840\" class=\"wp-caption-text\">Los y las agentes realizan durante esta semana un curso de seguridad vial, cuya inscripci\u00f3n se ha realizado a trav\u00e9s de la donaci\u00f3n de alimentos.<\/figcaption><\/figure>\n<p>\u201cFundamentos y actualizaci\u00f3n en materia de tr\u00e1fico urbano\u201d. Es el curso que 24 agentes de la Polic\u00eda Local van a recibir durante esta semana con el objetivo de mejorar los protocolos de actuaci\u00f3n en materia de seguridad vial urbana.<\/p>\n<p>La inscripci\u00f3n a este curso intensivo es totalmente solidaria: los agentes han formalizado su inscripci\u00f3n a trav\u00e9s de la donaci\u00f3n de alimentos no perecederos, que ser\u00e1n posteriormente donados a la asociaci\u00f3n local de C\u00e1ritas.<\/p>\n<p>Desde la Polic\u00eda Local declaran que se trata de una forma de dar un doble valor a esta jornada formativa: no s\u00f3lo se mejora la efectividad y conocimientos del cuerpo, si no que se contribuye socialmente a luchar contra la pobreza.<\/p>\n<p>En relaci\u00f3n al curso, los agentes van a recibir durante cuatro d\u00edas una actualizaci\u00f3n intensiva sobre la normativa y protocolos de actuaci\u00f3n en el \u00e1rea de tr\u00e1fico: c\u00f3mo afecta a la acci\u00f3n y control policial en Vilamarxant la actualizaci\u00f3n de la Ley de Seguridad Vial y el Reglamento General de Circulaci\u00f3n.<\/p>\n<p>Una novedad importante que plantea la formaci\u00f3n, dirigida por el oficial de Alaqu\u00e1s, licenciado en derecho y doctorado en criminolog\u00eda, Antonio Carrasco, es la movilidad sostenible, tema mediante el cual la Polic\u00eda Local podr\u00e1 realizar una adaptaci\u00f3n progresiva de sus protocolos en seguridad vial, de forma que promuevan la sostenibilidad del tr\u00e1fico urbano.<\/p>\n","protected":false},"excerpt":{"rendered":"<div class=\"mh-excerpt\">\u201cFundamentos y actualizaci\u00f3n en materia de tr\u00e1fico urbano\u201d. Es el curso que 24 agentes de la Polic\u00eda Local van a recibir durante esta semana con el objetivo de mejorar los protocolos de actuaci\u00f3n en materia <a class=\"mh-excerpt-more\" href=\"https:\/\/www.tucomarca.com\/wordpress\/segunda\/agentes-realizan-durante-esta-semana-un-curso-de-seguridad-vial-en-vilamarxant-cuya-inscripcion-se-ha-realizado-a-traves-de-la-donacion-de-alimentos\/\" title=\"Agentes realizan durante esta semana un curso de seguridad vial en Vilamarxant, cuya inscripci\u00f3n se ha realizado a trav\u00e9s de la donaci\u00f3n de alimentos\">[+] <\/a><\/div>\n","protected":false},"author":1,"featured_media":56840,"comment_status":"open","ping_status":"open","sticky":false,"template":"","format":"standard","meta":{"footnotes":""},"categories":[46,8,3,116,45,184],"tags":[],"class_list":{"0":"post-56838","1":"post","2":"type-post","3":"status-publish","4":"format-standard","5":"has-post-thumbnail","7":"category-camp-de-turia","8":"category-la-comarca","9":"category-seccion","10":"category-sucesos-la-comarca","11":"category-ventana","12":"category-vilamarxant"},"_links":{"self":[{"href":"https:\/\/www.tucomarca.com\/wordpress\/segunda\/wp-json\/wp\/v2\/posts\/56838","targetHints":{"allow":["GET"]}}],"collection":[{"href":"https:\/\/www.tucomarca.com\/wordpress\/segunda\/wp-json\/wp\/v2\/posts"}],"about":[{"href":"https:\/\/www.tucomarca.com\/wordpress\/segunda\/wp-json\/wp\/v2\/types\/post"}],"author":[{"embeddable":true,"href":"https:\/\/www.tucomarca.com\/wordpress\/segunda\/wp-json\/wp\/v2\/users\/1"}],"replies":[{"embeddable":true,"href":"https:\/\/www.tucomarca.com\/wordpress\/segunda\/wp-json\/wp\/v2\/comments?post=56838"}],"version-history":[{"count":0,"href":"https:\/\/www.tucomarca.com\/wordpress\/segunda\/wp-json\/wp\/v2\/posts\/56838\/revisions"}],"wp:featuredmedia":[{"embeddable":true,"href":"https:\/\/www.tucomarca.com\/wordpress\/segunda\/wp-json\/wp\/v2\/media\/56840"}],"wp:attachment":[{"href":"https:\/\/www.tucomarca.com\/wordpress\/segunda\/wp-json\/wp\/v2\/media?parent=56838"}],"wp:term":[{"taxonomy":"category","embeddable":true,"href":"https:\/\/www.tucomarca.com\/wordpress\/segunda\/wp-json\/wp\/v2\/categories?post=56838"},{"taxonomy":"post_tag","embeddable":true,"href":"https:\/\/www.tucomarca.com\/wordpress\/segunda\/wp-json\/wp\/v2\/tags?post=56838"}],"curies":[{"name":"wp","href":"https:\/\/api.w.org\/{rel}","templated":true}]}}