{"id":56842,"date":"2017-05-23T15:01:37","date_gmt":"2017-05-23T13:01:37","guid":{"rendered":"http:\/\/www.tucomarca.com\/wordpress\/segunda\/?p=56842"},"modified":"2017-05-23T15:01:37","modified_gmt":"2017-05-23T13:01:37","slug":"la-santa-cecilia-de-chera-celebrara-en-julio-su-segundo-concurso-de-direccion-con-el-maestro-norman-milanes","status":"publish","type":"post","link":"https:\/\/www.tucomarca.com\/wordpress\/segunda\/la-santa-cecilia-de-chera-celebrara-en-julio-su-segundo-concurso-de-direccion-con-el-maestro-norman-milanes\/","title":{"rendered":"La Santa Cecilia de Chera celebrar\u00e1 en julio su segundo concurso de direcci\u00f3n con el maestro Norman Milan\u00e9s"},"content":{"rendered":"<figure id=\"attachment_56846\" aria-describedby=\"caption-attachment-56846\" style=\"width: 290px\" class=\"wp-caption alignleft\"><a href=\"https:\/\/www.tucomarca.com\/wordpress\/segunda\/wp-content\/uploads\/2017\/05\/NormanMilanes.jpg\"><img loading=\"lazy\" decoding=\"async\" class=\" wp-image-56846\" src=\"https:\/\/www.tucomarca.com\/wordpress\/segunda\/wp-content\/uploads\/2017\/05\/NormanMilanes.jpg\" alt=\"El maestro Norman Milan\u00e9s en una imagen de la Associaci\u00f3 Uni\u00f3 Musical de Bocairent.\" width=\"290\" height=\"218\" srcset=\"https:\/\/www.tucomarca.com\/wordpress\/segunda\/wp-content\/uploads\/2017\/05\/NormanMilanes.jpg 720w, https:\/\/www.tucomarca.com\/wordpress\/segunda\/wp-content\/uploads\/2017\/05\/NormanMilanes-300x225.jpg 300w\" sizes=\"auto, (max-width: 290px) 100vw, 290px\" \/><\/a><figcaption id=\"caption-attachment-56846\" class=\"wp-caption-text\">El maestro Norman Milan\u00e9s en una imagen de la Associaci\u00f3 Uni\u00f3 Musical de Bocairent.<\/figcaption><\/figure>\n<p><strong>La Sociedad Musical Santa Cecilia de Chera volver\u00e1 a organizar este verano el II Curso de Direcci\u00f3n Musical. Concretamente, comenzar\u00e1 el 10 de julio y se prolongar\u00e1 hasta el 14 del mismo mes, d\u00eda en el que se ofrecer\u00e1 un concierto de clausura junto a la banda de m\u00fasica de Chera que estar\u00e1 dirigido por alumnos de este curso.<\/strong><\/p>\n<p>Este evento se dirige tanto a profesionales como estudiantes o interesados en direcci\u00f3n musical y estar\u00e1 impartido por el maestro cubano Norman Milan\u00e9s y su asistente Javier Fern\u00e1ndez. Entre los contenidos que se impartir\u00e1n en este curso est\u00e1n la t\u00e9cnica de direcci\u00f3n quiron\u00f3mica, conocimientos sobre la figura del director o el an\u00e1lisis sobre todo lo que debe saber el director sobre la obra antes de comenzar un ensayo, adem\u00e1s de aplicar a las obras la t\u00e9cnica de direcci\u00f3n y an\u00e1lisis musical.<\/p>\n<p>Los interesados pueden matricularse como alumno activo o alumno oyente. Los primeros ser\u00e1n los encargados de dirigir a la banda de m\u00fasica en el concierto de clausura del curso, y ambos grupos asistir\u00e1n diariamente a las sesiones de trabajo con el maestro para aprender todo sobre direcci\u00f3n musical. Como novedad este a\u00f1o, la organizaci\u00f3n correr\u00e1 con los gastos de alojamiento de los tres primero alumnos que lo soliciten. La inscripci\u00f3n para esta segunda edici\u00f3n del curso ya est\u00e1 abierta y debe realizarse antes del 30 de junio.<\/p>\n<p>Quienes est\u00e9n interesados en inscribirse o recibir m\u00e1s informaci\u00f3n\u00a0sobre el curso, los contenidos, horarios o resolver otras dudas, pueden entrar en la p\u00e1gina web www.cursodedirecci\u00f3n.santaceciliadechera.es.<\/p>\n<p><b>Norman Milan\u00e9s Moreno <\/b>nace en Jiguan\u00ed, Cuba, donde cursa estudios primarios de m\u00fasica con su padre Miguel Milan\u00e9s. Se grad\u00faa en piano, solfeo y teor\u00eda en el Conservatorio Provincial de Oriente. Adem\u00e1s, estudia armon\u00eda, composici\u00f3n y direcci\u00f3n. Ha sido director de La Banda Nacional de Conciertos de La Habana y ha dirigido en pa\u00edses como Costa Rica, Nicaragua, Argelia, Alemania, Polonia, Bulgaria, Rusia y Espa\u00f1a. Tambi\u00e9n ha realizado conciertos con la Orquesta Sinf\u00f3nica de Bogot\u00e1 y Medell\u00edn, en Colombia. En Cuba ha dirigido las Orquestas Sinf\u00f3nicas de Cuba, Matanzas, Santa Clara, Camaguey y Oriente. Entre las numerosas distinciones que ostenta se encuentra la r\u00e9plica de la \u00abBatuta del Maestro Guillermo Tom\u00e1s\u00bb que otorga la Banda Nacional de Conciertos de La Habana. Recientemente fue Miembro del Jurado en el Concurso Nacional de J\u00f3venes Int\u00e9rpretes de Espa\u00f1a y de los Cert\u00e1menes Provinciales de Bandas de Murcia. Ha actuado como Director Invitado en numerosas bandas de la Vall d&#8217;Albaida y actualmente es Director Honor\u00edfico de la Banda de la Asociaci\u00f3n Uni\u00f3n Musical de Bocairent.<\/p>\n","protected":false},"excerpt":{"rendered":"<div class=\"mh-excerpt\">La Sociedad Musical Santa Cecilia de Chera volver\u00e1 a organizar este verano el II Curso de Direcci\u00f3n Musical. Concretamente, comenzar\u00e1 el 10 de julio y se prolongar\u00e1 hasta el 14 del mismo mes, d\u00eda en <a class=\"mh-excerpt-more\" href=\"https:\/\/www.tucomarca.com\/wordpress\/segunda\/la-santa-cecilia-de-chera-celebrara-en-julio-su-segundo-concurso-de-direccion-con-el-maestro-norman-milanes\/\" title=\"La Santa Cecilia de Chera celebrar\u00e1 en julio su segundo concurso de direcci\u00f3n con el maestro Norman Milan\u00e9s\">[+] <\/a><\/div>\n","protected":false},"author":1,"featured_media":56846,"comment_status":"open","ping_status":"open","sticky":false,"template":"","format":"standard","meta":{"footnotes":""},"categories":[66,186,59,7,3],"tags":[],"class_list":{"0":"post-56842","1":"post","2":"type-post","3":"status-publish","4":"format-standard","5":"has-post-thumbnail","7":"category-musica","8":"category-chera-los-serranos","9":"category-los-serranos","10":"category-ocio-y-cultura","11":"category-seccion"},"_links":{"self":[{"href":"https:\/\/www.tucomarca.com\/wordpress\/segunda\/wp-json\/wp\/v2\/posts\/56842","targetHints":{"allow":["GET"]}}],"collection":[{"href":"https:\/\/www.tucomarca.com\/wordpress\/segunda\/wp-json\/wp\/v2\/posts"}],"about":[{"href":"https:\/\/www.tucomarca.com\/wordpress\/segunda\/wp-json\/wp\/v2\/types\/post"}],"author":[{"embeddable":true,"href":"https:\/\/www.tucomarca.com\/wordpress\/segunda\/wp-json\/wp\/v2\/users\/1"}],"replies":[{"embeddable":true,"href":"https:\/\/www.tucomarca.com\/wordpress\/segunda\/wp-json\/wp\/v2\/comments?post=56842"}],"version-history":[{"count":0,"href":"https:\/\/www.tucomarca.com\/wordpress\/segunda\/wp-json\/wp\/v2\/posts\/56842\/revisions"}],"wp:featuredmedia":[{"embeddable":true,"href":"https:\/\/www.tucomarca.com\/wordpress\/segunda\/wp-json\/wp\/v2\/media\/56846"}],"wp:attachment":[{"href":"https:\/\/www.tucomarca.com\/wordpress\/segunda\/wp-json\/wp\/v2\/media?parent=56842"}],"wp:term":[{"taxonomy":"category","embeddable":true,"href":"https:\/\/www.tucomarca.com\/wordpress\/segunda\/wp-json\/wp\/v2\/categories?post=56842"},{"taxonomy":"post_tag","embeddable":true,"href":"https:\/\/www.tucomarca.com\/wordpress\/segunda\/wp-json\/wp\/v2\/tags?post=56842"}],"curies":[{"name":"wp","href":"https:\/\/api.w.org\/{rel}","templated":true}]}}