{"id":56848,"date":"2017-05-23T15:13:54","date_gmt":"2017-05-23T13:13:54","guid":{"rendered":"http:\/\/www.tucomarca.com\/wordpress\/segunda\/?p=56848"},"modified":"2017-05-23T15:13:54","modified_gmt":"2017-05-23T13:13:54","slug":"la-diputacion-simplifica-su-plan-de-obras-y-servicios-que-inyecta-este-ano-235-millones-en-el-camp-de-turia","status":"publish","type":"post","link":"https:\/\/www.tucomarca.com\/wordpress\/segunda\/la-diputacion-simplifica-su-plan-de-obras-y-servicios-que-inyecta-este-ano-235-millones-en-el-camp-de-turia\/","title":{"rendered":"La Diputaci\u00f3n simplifica su plan de obras y servicios que inyecta este a\u00f1o 2,35 millones en el Camp de T\u00faria"},"content":{"rendered":"<figure id=\"attachment_56849\" aria-describedby=\"caption-attachment-56849\" style=\"width: 300px\" class=\"wp-caption alignleft\"><a href=\"https:\/\/www.tucomarca.com\/wordpress\/segunda\/wp-content\/uploads\/2017\/05\/AlturRodriguezAmigo.jpg\"><img loading=\"lazy\" decoding=\"async\" class=\"size-medium wp-image-56849\" src=\"https:\/\/www.tucomarca.com\/wordpress\/segunda\/wp-content\/uploads\/2017\/05\/AlturRodriguezAmigo-300x195.jpg\" alt=\"Amig\u00f3, Rodr\u00edguez y Altur durante la presentaci\u00f3n de los presupuestos.\" width=\"300\" height=\"195\" srcset=\"https:\/\/www.tucomarca.com\/wordpress\/segunda\/wp-content\/uploads\/2017\/05\/AlturRodriguezAmigo-300x195.jpg 300w, https:\/\/www.tucomarca.com\/wordpress\/segunda\/wp-content\/uploads\/2017\/05\/AlturRodriguezAmigo-768x499.jpg 768w, https:\/\/www.tucomarca.com\/wordpress\/segunda\/wp-content\/uploads\/2017\/05\/AlturRodriguezAmigo-1024x665.jpg 1024w\" sizes=\"auto, (max-width: 300px) 100vw, 300px\" \/><\/a><figcaption id=\"caption-attachment-56849\" class=\"wp-caption-text\">Amig\u00f3, Rodr\u00edguez y Altur durante la presentaci\u00f3n de los presupuestos.<\/figcaption><\/figure>\n<p>La Diputaci\u00f3n de Valencia present\u00f3 la pasada semana un renovado plan de inversiones para 2017 que, adem\u00e1s de repartir 2,35 millones de euros entre los 16 municipios del Camp de T\u00faria, atiende las dos principales demandas de los alcaldes: agilizar la concesi\u00f3n de las subvenciones y simplificar los procedimientos de aprobaci\u00f3n de las obras. Estos cambios permitir\u00e1n avanzar en la ejecuci\u00f3n de las actuaciones programadas, reducir\u00e1 el periodo de tramitaci\u00f3n de los expedientes y dar\u00e1 m\u00e1s tiempo a los ayuntamientos para realizar procesos participativos.<\/p>\n<p>Con el objetivo de remarcar esta completa reformulaci\u00f3n del que supone el principal recurso econ\u00f3mico para los ayuntamientos a la hora de ejecutar sus inversiones, la instituci\u00f3n provincial ha decidido modificar tambi\u00e9n el nombre del plan, que a partir de ahora pasar\u00e1 a conocerse como SOM, siglas de Obras y Servicios Municipales, en sustituci\u00f3n del anterior PPOS. Con ello se quieren poner en valor un cambio que adem\u00e1s de agilizar los tr\u00e1mites y consolidar el incremento de dotaci\u00f3n presupuestaria iniciada en 2016 y que ha supuesto que muchos municipios hayan incluso duplicado el dinero que recib\u00edan, ha llevado a que pasen a contemplarse entre los criterios de reparto factores sociales, como la tasa del paro del municipio o la adhesi\u00f3n al Paco de Alcald\u00edas en materia medioambiental.<\/p>\n<p>En su intervenci\u00f3n ante los medios de comunicaci\u00f3n, el Presidente de la Diputaci\u00f3n de Valencia, Jorge Rodr\u00edguez, destac\u00f3 que el nuevo SOM no es sino \u201cun paso m\u00e1s en la apuesta de esta Diputaci\u00f3n por el municipalismo y por dotar de recursos econ\u00f3micos a los ayuntamientos valencianos, para compensar la infrafinanciaci\u00f3n que padecen y que puedan as\u00ed ejecutar aquellas obras y servicios que necesitan para mejorar la vida de sus vecinos y vecinas\u201d.<\/p>\n<p>As\u00ed, a los 2.353.334,57 euros que se destinar\u00e1n este a\u00f1o a los municipios de la comarca, se a\u00f1aden los 56.833 euros que llegar\u00e1n directamente a la Mancomunidad del Camp de T\u00faria, as\u00ed como una aportaci\u00f3n extraordinaria para el pago de los honorarios de la redacci\u00f3n de proyectos, para lo que la instituci\u00f3n provincial destinar\u00e1 1 mill\u00f3n de euros a repartir entre los 266 municipios valencianos.<\/p>\n<p>A estas cantidades, se han de sumar las transferencias procedentes del Fondo de Cooperaci\u00f3n Municipal, lanzado conjuntamente por la Generalitat Valenciana y la Diputaci\u00f3n de Valencia. No en vano, la suma de ambos planes supone, destac\u00f3 Rodr\u00edguez, que \u201centre la Diputaci\u00f3n y la Generalitat vamos a hacer este a\u00f1o una inyecci\u00f3n directa en vena de 75 millones de euros a los municipios\u201d, lo que implica que muchos municipios han pasado a ver duplicadas, o incluso triplicadas, las ayudas recibidas respecto a la legislatura anterior.<\/p>\n<p><b>M\u00e1s agilidad en la tramitaci\u00f3n<\/b><\/p>\n<p>Entre las novedades en la tramitaci\u00f3n del SOM, tendentes a dotar de mayor agilidad al plan, la m\u00e1s significativa es el ahorro de un acuerdo plenario en el ayuntamiento o mancomunidad, medida que evitar\u00e1 aproximadamente un mes de demora a la hora de justificar las ayudas. Asimismo, la Diputaci\u00f3n mantiene un \u00fanico plazo para justificar la ejecuci\u00f3n de las ayudas, lo que evitar\u00e1 las pr\u00f3rrogas en las adjudicaciones. \u201cA\u00f1os atr\u00e1s ten\u00edamos pr\u00f3rrogas de 7 y 8 a\u00f1os, y eso no se puede asumir. Una pr\u00f3rroga debe ser suficiente para adecuarse a la realidad del momento\u201d, se\u00f1al\u00f3 el Diputado de Cooperaci\u00f3n Municipal, Emili Altur, en la rueda de prensa.<\/p>\n<p>La ampliaci\u00f3n del plazo para presentar los proyectos hasta el 16 de junio, en atenci\u00f3n a las demandas de los alcaldes y alcaldesas, que ped\u00edan tener tiempo para impulsar y desarrollar procesos de participaci\u00f3n ciudadana, es otro de los cambios destacados.<\/p>\n<p><b>Los municipios deciden en qu\u00e9 invertir<\/b><\/p>\n<p>Despu\u00e9s de 20 a\u00f1os, las ayudas han pasado de 17 millones a duplicar su partida en la nueva legislatura, adem\u00e1s de agilizar tr\u00e1mites y acortar plazos. Los consistorios ser\u00e1n quienes decidan en qu\u00e9 destinar la inversi\u00f3n, seg\u00fan una f\u00f3rmula de reparto en funci\u00f3n de diversos porcentajes.<\/p>\n<p>La mayor cantidad es de un 34 por ciento de valor marginal, cuant\u00eda fija a la que tienen derecho todos los municipios. Tambi\u00e9n se tendr\u00e1 en cuenta las caracter\u00edsticas de la poblaci\u00f3n, destinando un 30 por ciento de la ayuda en funci\u00f3n del n\u00famero de habitantes y un 10 por ciento de la superficie del t\u00e9rmino municipal. Adem\u00e1s, se han tenido en cuenta nuevos criterios sociales como la tasa de desempleo, de la que depender\u00e1 un 10 por ciento.<\/p>\n<p>Por otra parte, aquellos ayuntamientos que tengan n\u00facleos de poblaci\u00f3n separados del t\u00e9rmino municipal tendr\u00e1n derecho a un 4 por ciento adicional. Y otra de las novedades de la partida atiende al Pacto de Alcald\u00edas, cuya cifra ha aumentado; los consistorios adheridos al proyecto, basado en acometer actuaciones en contra del cambio clim\u00e1tico, podr\u00e1n beneficiarse de un 3 por ciento de la ayuda.<\/p>\n","protected":false},"excerpt":{"rendered":"<div class=\"mh-excerpt\">La Diputaci\u00f3n de Valencia present\u00f3 la pasada semana un renovado plan de inversiones para 2017 que, adem\u00e1s de repartir 2,35 millones de euros entre los 16 municipios del Camp de T\u00faria, atiende las dos principales <a class=\"mh-excerpt-more\" href=\"https:\/\/www.tucomarca.com\/wordpress\/segunda\/la-diputacion-simplifica-su-plan-de-obras-y-servicios-que-inyecta-este-ano-235-millones-en-el-camp-de-turia\/\" title=\"La Diputaci\u00f3n simplifica su plan de obras y servicios que inyecta este a\u00f1o 2,35 millones en el Camp de T\u00faria\">[+] <\/a><\/div>\n","protected":false},"author":1,"featured_media":56849,"comment_status":"open","ping_status":"open","sticky":false,"template":"","format":"standard","meta":{"footnotes":""},"categories":[46,128,8,142,3,45],"tags":[],"class_list":{"0":"post-56848","1":"post","2":"type-post","3":"status-publish","4":"format-standard","5":"has-post-thumbnail","7":"category-camp-de-turia","8":"category-infraestructuras","9":"category-la-comarca","10":"category-politica-la-comarca","11":"category-seccion","12":"category-ventana"},"_links":{"self":[{"href":"https:\/\/www.tucomarca.com\/wordpress\/segunda\/wp-json\/wp\/v2\/posts\/56848","targetHints":{"allow":["GET"]}}],"collection":[{"href":"https:\/\/www.tucomarca.com\/wordpress\/segunda\/wp-json\/wp\/v2\/posts"}],"about":[{"href":"https:\/\/www.tucomarca.com\/wordpress\/segunda\/wp-json\/wp\/v2\/types\/post"}],"author":[{"embeddable":true,"href":"https:\/\/www.tucomarca.com\/wordpress\/segunda\/wp-json\/wp\/v2\/users\/1"}],"replies":[{"embeddable":true,"href":"https:\/\/www.tucomarca.com\/wordpress\/segunda\/wp-json\/wp\/v2\/comments?post=56848"}],"version-history":[{"count":0,"href":"https:\/\/www.tucomarca.com\/wordpress\/segunda\/wp-json\/wp\/v2\/posts\/56848\/revisions"}],"wp:featuredmedia":[{"embeddable":true,"href":"https:\/\/www.tucomarca.com\/wordpress\/segunda\/wp-json\/wp\/v2\/media\/56849"}],"wp:attachment":[{"href":"https:\/\/www.tucomarca.com\/wordpress\/segunda\/wp-json\/wp\/v2\/media?parent=56848"}],"wp:term":[{"taxonomy":"category","embeddable":true,"href":"https:\/\/www.tucomarca.com\/wordpress\/segunda\/wp-json\/wp\/v2\/categories?post=56848"},{"taxonomy":"post_tag","embeddable":true,"href":"https:\/\/www.tucomarca.com\/wordpress\/segunda\/wp-json\/wp\/v2\/tags?post=56848"}],"curies":[{"name":"wp","href":"https:\/\/api.w.org\/{rel}","templated":true}]}}