{"id":56877,"date":"2017-05-24T12:35:55","date_gmt":"2017-05-24T10:35:55","guid":{"rendered":"http:\/\/www.tucomarca.com\/wordpress\/segunda\/?p=56877"},"modified":"2017-05-24T12:35:55","modified_gmt":"2017-05-24T10:35:55","slug":"el-partido-de-requena-y-aldeas-asiste-a-la-manifestacion-en-favor-de-la-libertad-linguistica-convocada-en-alicante","status":"publish","type":"post","link":"https:\/\/www.tucomarca.com\/wordpress\/segunda\/el-partido-de-requena-y-aldeas-asiste-a-la-manifestacion-en-favor-de-la-libertad-linguistica-convocada-en-alicante\/","title":{"rendered":"El Partido de Requena y Aldeas asiste a la manifestaci\u00f3n en favor de la libertad ling\u00fc\u00edstica convocada en Alicante"},"content":{"rendered":"<p>Representantes del Partido de Requena y Aldeas asistieron el pasado viernes a la manifestaci\u00f3n en favor de la libertad ling\u00fc\u00edstica convocada en Alicante.<\/p>\n<p>Dicha manifestaci\u00f3n, a la que se sum\u00f3 el PRyA, fue convocada por el Foro por el Derecho a Elegir Lengua Vehicular, las asociaciones de padres de alumnos de centros p\u00fablicos y concertados Concapa y Covapa junto con la Asociaci\u00f3n Idiomas y Educaci\u00f3n. Esta movilizaci\u00f3n fue convocada por \u00abla falta de participaci\u00f3n de las familias en la elecci\u00f3n de los programas ling\u00fc\u00edsticos, la discriminaci\u00f3n en las horas de ingl\u00e9s que se impartir\u00e1n, en la dotaci\u00f3n de recursos a los centros y en los certificados de idioma, los cuales discriminan en castellano\u00bb.<\/p>\n<p>Vicente Marz\u00e0 pasar\u00e1 a la historia como el Conseller que discrimin\u00f3 la ense\u00f1anza del castellano en la escuela. Y como el pol\u00edtico que impidi\u00f3 a miles de ni\u00f1os castellano hablantes aprender en su propia lengua en la Comunidad Valenciana.<\/p>\n<p>Nuestro compromiso es con la libertad y desde el PRyA apoyaremos todos y cada uno de los actos dirigidos a suprimir el decreto de pluriling\u00fcismo que discrimina a todos los castellano hablantes.<\/p>\n<p>El fil\u00f3sofo e impulsor del Manifiesto por la Lengua Com\u00fan, Fernando Savater, advirti\u00f3 en su d\u00eda que las lenguas \u201ctienen dos grandes enemigos, los que las imponen y los que las proh\u00edben\u201d, frase que compartimos al cien por cien. Desde el Partido de Requena y Aldeas expresamos a los medios de comunicaci\u00f3n en Alicante que las lenguas tienen un nuevo enemigo: Marz\u00e1, Conseller de Educaci\u00f3n, al que seguimos pidiendo su dimisi\u00f3n.<\/p>\n<p>Desde el Partido de Requena y Aldeas pedimos una vez m\u00e1s la derogaci\u00f3n del decreto de pluriling\u00fcismo del gobierno valenciano y la apertura de una roda de conversaciones para consensuar un nuevo decreto con los partidos pol\u00edticos y la sociedad civil valenciana, en el que no se discrimine a los castellano hablantes creando alumnos de primera y de segunda , se garantice la libertad de elecci\u00f3n del idioma en que queremos que estudien nuestros hijos y establezca una igualdad total entre las dos lenguas cooficiales de nuestra comunidad aut\u00f3noma, el castellano y el valenciano.<\/p>\n","protected":false},"excerpt":{"rendered":"<div class=\"mh-excerpt\">Representantes del Partido de Requena y Aldeas asistieron el pasado viernes a la manifestaci\u00f3n en favor de la libertad ling\u00fc\u00edstica convocada en Alicante. Dicha manifestaci\u00f3n, a la que se sum\u00f3 el PRyA, fue convocada por <a class=\"mh-excerpt-more\" href=\"https:\/\/www.tucomarca.com\/wordpress\/segunda\/el-partido-de-requena-y-aldeas-asiste-a-la-manifestacion-en-favor-de-la-libertad-linguistica-convocada-en-alicante\/\" title=\"El Partido de Requena y Aldeas asiste a la manifestaci\u00f3n en favor de la libertad ling\u00fc\u00edstica convocada en Alicante\">[+] <\/a><\/div>\n","protected":false},"author":1,"featured_media":0,"comment_status":"open","ping_status":"open","sticky":false,"template":"","format":"standard","meta":{"footnotes":""},"categories":[8,142,28,27,3],"tags":[10388],"class_list":{"0":"post-56877","1":"post","2":"type-post","3":"status-publish","4":"format-standard","6":"category-la-comarca","7":"category-politica-la-comarca","8":"category-requena","9":"category-requena-utiel","10":"category-seccion","11":"tag-requena"},"_links":{"self":[{"href":"https:\/\/www.tucomarca.com\/wordpress\/segunda\/wp-json\/wp\/v2\/posts\/56877","targetHints":{"allow":["GET"]}}],"collection":[{"href":"https:\/\/www.tucomarca.com\/wordpress\/segunda\/wp-json\/wp\/v2\/posts"}],"about":[{"href":"https:\/\/www.tucomarca.com\/wordpress\/segunda\/wp-json\/wp\/v2\/types\/post"}],"author":[{"embeddable":true,"href":"https:\/\/www.tucomarca.com\/wordpress\/segunda\/wp-json\/wp\/v2\/users\/1"}],"replies":[{"embeddable":true,"href":"https:\/\/www.tucomarca.com\/wordpress\/segunda\/wp-json\/wp\/v2\/comments?post=56877"}],"version-history":[{"count":0,"href":"https:\/\/www.tucomarca.com\/wordpress\/segunda\/wp-json\/wp\/v2\/posts\/56877\/revisions"}],"wp:attachment":[{"href":"https:\/\/www.tucomarca.com\/wordpress\/segunda\/wp-json\/wp\/v2\/media?parent=56877"}],"wp:term":[{"taxonomy":"category","embeddable":true,"href":"https:\/\/www.tucomarca.com\/wordpress\/segunda\/wp-json\/wp\/v2\/categories?post=56877"},{"taxonomy":"post_tag","embeddable":true,"href":"https:\/\/www.tucomarca.com\/wordpress\/segunda\/wp-json\/wp\/v2\/tags?post=56877"}],"curies":[{"name":"wp","href":"https:\/\/api.w.org\/{rel}","templated":true}]}}