{"id":56882,"date":"2017-05-24T12:37:50","date_gmt":"2017-05-24T10:37:50","guid":{"rendered":"http:\/\/www.tucomarca.com\/wordpress\/segunda\/?p=56882"},"modified":"2017-05-24T12:37:50","modified_gmt":"2017-05-24T10:37:50","slug":"cheste-tendra-un-aula-de-infantil-de-2-3-anos-el-proximo-curso","status":"publish","type":"post","link":"https:\/\/www.tucomarca.com\/wordpress\/segunda\/cheste-tendra-un-aula-de-infantil-de-2-3-anos-el-proximo-curso\/","title":{"rendered":"Cheste tendr\u00e1 un aula de infantil de 2-3 a\u00f1os el pr\u00f3ximo curso"},"content":{"rendered":"<figure id=\"attachment_56883\" aria-describedby=\"caption-attachment-56883\" style=\"width: 390px\" class=\"wp-caption alignleft\"><a href=\"https:\/\/www.tucomarca.com\/wordpress\/segunda\/wp-content\/uploads\/2017\/05\/Chesteaula23.png\"><img loading=\"lazy\" decoding=\"async\" class=\" wp-image-56883\" src=\"https:\/\/www.tucomarca.com\/wordpress\/segunda\/wp-content\/uploads\/2017\/05\/Chesteaula23-1024x682.png\" alt=\"La edil M\u00aa \u00c1ngeles Llorente durante la reuni\u00f3n sobre las aulas de infantil de 2 a 3 a\u00f1os.\" width=\"390\" height=\"260\" srcset=\"https:\/\/www.tucomarca.com\/wordpress\/segunda\/wp-content\/uploads\/2017\/05\/Chesteaula23-1024x682.png 1024w, https:\/\/www.tucomarca.com\/wordpress\/segunda\/wp-content\/uploads\/2017\/05\/Chesteaula23-300x200.png 300w, https:\/\/www.tucomarca.com\/wordpress\/segunda\/wp-content\/uploads\/2017\/05\/Chesteaula23-768x512.png 768w, https:\/\/www.tucomarca.com\/wordpress\/segunda\/wp-content\/uploads\/2017\/05\/Chesteaula23.png 1280w\" sizes=\"auto, (max-width: 390px) 100vw, 390px\" \/><\/a><figcaption id=\"caption-attachment-56883\" class=\"wp-caption-text\">La edil M\u00aa \u00c1ngeles Llorente durante la reuni\u00f3n sobre las aulas de infantil de 2 a 3 a\u00f1os.<\/figcaption><\/figure>\n<p>La Conselleria de Educaci\u00f3n ha confirmado que Cheste tendr\u00e1 una de las nueve nuevas aulas de infantil de 2 a 3 a\u00f1os que se pondr\u00e1n en marcha en la provincia de Valencia el pr\u00f3ximo curso.<\/p>\n<p>Este aula se ubicar\u00e1 en el CEP Giner de los R\u00edos, tendr\u00e1 un m\u00e1ximo de 18 alumnos y alumnas y estar\u00e1 atendida por una maestra de Educaci\u00f3n Infantil y una Educadora.<\/p>\n<p>Para aclarar las dudas y explicar el proceso de admisi\u00f3n desde la concejal\u00eda de Educaci\u00f3n y Cultura se cit\u00f3 a las algo m\u00e1s de 80 familias del municipio que tienen ni\u00f1os nacidos en 2015 a una reuni\u00f3n informativa la pasada semana.<\/p>\n<p>La edil M\u00aa \u00c1ngeles Llorente asegur\u00f3 que contar una de las aulas de infantil de 2 a 3 a\u00f1os \u00absupone un importante avance para Cheste en la implantaci\u00f3n de la educaci\u00f3n p\u00fablica, desde el ayuntamiento hemos hecho los deberes y el a\u00f1o pasado ya invertimos 25.000 euros para adecuar las instalaciones del colegio, de forma que cumpl\u00edamos todos los requisitos para que nos otorgaran esta unidad de cara al pr\u00f3ximo curso\u00bb.<\/p>\n<p>El proceso de admisi\u00f3n se inici\u00f3 la pasada semana y ayer, lunes, se publicaron las vacantes, abri\u00e9ndose hasta el pr\u00f3ximo 29 de mayo el plazo de presentaci\u00f3n de solicitudes. Las listas provisionales con los 18 admitidos se publicar\u00e1n de forma provisional el 8 de junio, y tras el plazo legal de reclamaciones las listas definitivas se conocer\u00e1n el 20 de junio, abri\u00e9ndose el plazo de formalizaci\u00f3n de matr\u00edcula hasta el 29 de ese mes.<\/p>\n<p>M\u00aa \u00c1ngeles Llorente explic\u00f3 a las familias el proceso de admisi\u00f3n y los baremos utilizados por la Conselleria, y aclar\u00f3 que en el caso de que algunas familias ya hayan presentado la matr\u00edcula en una guarder\u00eda del municipio, podr\u00e1n tambi\u00e9n solicitarlo en el CEIP Francisco Giner de los R\u00edos, sin que ello conlleve la p\u00e9rdida de la reserva de matr\u00edcula en la guarder\u00eda. De igual manera se podr\u00e1 solicitar el bono de ayuda para las guarder\u00edas.<\/p>\n<p>Si al final del proceso de matr\u00edcula se les admite en el nueva unidad del CEIP Giner de los R\u00edos, s\u00f3lo tendr\u00e1n que renunciar al bono, ya que en el nueva unidad aprobada la educaci\u00f3n ser\u00e1 gratuita.<\/p>\n<p>Esta nueva infraestructura permitir\u00e1 que muchas familias tengan una respuesta a una necesidad que, por motivos econ\u00f3micos, no pod\u00edan resolver y ha permitido la creaci\u00f3n de dos puestos de trabajo en la ense\u00f1anza p\u00fablica en Cheste.<\/p>\n<p>Estas unidades de dos a\u00f1os tienen una ratio m\u00e1xima de 18 ni\u00f1os por aula y est\u00e1n atendidas por un maestro y un educador que han recibido la formaci\u00f3n conveniente para formar parte de este programa experimental.<\/p>\n","protected":false},"excerpt":{"rendered":"<div class=\"mh-excerpt\">La Conselleria de Educaci\u00f3n ha confirmado que Cheste tendr\u00e1 una de las nueve nuevas aulas de infantil de 2 a 3 a\u00f1os que se pondr\u00e1n en marcha en la provincia de Valencia el pr\u00f3ximo curso. <a class=\"mh-excerpt-more\" href=\"https:\/\/www.tucomarca.com\/wordpress\/segunda\/cheste-tendra-un-aula-de-infantil-de-2-3-anos-el-proximo-curso\/\" title=\"Cheste tendr\u00e1 un aula de infantil de 2-3 a\u00f1os el pr\u00f3ximo curso\">[+] <\/a><\/div>\n","protected":false},"author":1,"featured_media":56883,"comment_status":"open","ping_status":"open","sticky":false,"template":"","format":"standard","meta":{"footnotes":""},"categories":[17,8,10,7,3,45],"tags":[339,5952],"class_list":{"0":"post-56882","1":"post","2":"type-post","3":"status-publish","4":"format-standard","5":"has-post-thumbnail","7":"category-cheste","8":"category-la-comarca","9":"category-la-hoya","10":"category-ocio-y-cultura","11":"category-seccion","12":"category-ventana","13":"tag-cheste-2","14":"tag-la-hoya-de-bunol-chiva"},"_links":{"self":[{"href":"https:\/\/www.tucomarca.com\/wordpress\/segunda\/wp-json\/wp\/v2\/posts\/56882","targetHints":{"allow":["GET"]}}],"collection":[{"href":"https:\/\/www.tucomarca.com\/wordpress\/segunda\/wp-json\/wp\/v2\/posts"}],"about":[{"href":"https:\/\/www.tucomarca.com\/wordpress\/segunda\/wp-json\/wp\/v2\/types\/post"}],"author":[{"embeddable":true,"href":"https:\/\/www.tucomarca.com\/wordpress\/segunda\/wp-json\/wp\/v2\/users\/1"}],"replies":[{"embeddable":true,"href":"https:\/\/www.tucomarca.com\/wordpress\/segunda\/wp-json\/wp\/v2\/comments?post=56882"}],"version-history":[{"count":0,"href":"https:\/\/www.tucomarca.com\/wordpress\/segunda\/wp-json\/wp\/v2\/posts\/56882\/revisions"}],"wp:featuredmedia":[{"embeddable":true,"href":"https:\/\/www.tucomarca.com\/wordpress\/segunda\/wp-json\/wp\/v2\/media\/56883"}],"wp:attachment":[{"href":"https:\/\/www.tucomarca.com\/wordpress\/segunda\/wp-json\/wp\/v2\/media?parent=56882"}],"wp:term":[{"taxonomy":"category","embeddable":true,"href":"https:\/\/www.tucomarca.com\/wordpress\/segunda\/wp-json\/wp\/v2\/categories?post=56882"},{"taxonomy":"post_tag","embeddable":true,"href":"https:\/\/www.tucomarca.com\/wordpress\/segunda\/wp-json\/wp\/v2\/tags?post=56882"}],"curies":[{"name":"wp","href":"https:\/\/api.w.org\/{rel}","templated":true}]}}