{"id":56903,"date":"2017-05-25T11:52:07","date_gmt":"2017-05-25T09:52:07","guid":{"rendered":"http:\/\/www.tucomarca.com\/wordpress\/segunda\/?p=56903"},"modified":"2017-05-25T12:11:01","modified_gmt":"2017-05-25T10:11:01","slug":"video-xii-feria-de-comercio-turismo-gastronomia-y-empleo-de-bunol","status":"publish","type":"post","link":"https:\/\/www.tucomarca.com\/wordpress\/segunda\/video-xii-feria-de-comercio-turismo-gastronomia-y-empleo-de-bunol\/","title":{"rendered":"V\u00eddeo: XII Feria de Comercio, Turismo, Gastronom\u00eda y Empleo de Bu\u00f1ol"},"content":{"rendered":"<p>V\u00eddeo noticia de la XII Feria de Comercio, Turismo, Gastronom\u00eda y Empleo de Bu\u00f1ol desarrollada del 19 al 21 de mayo en el acceso al parque del Planell de Bu\u00f1ol.<\/p>\n","protected":false},"excerpt":{"rendered":"<div class=\"mh-excerpt\">V\u00eddeo noticia de la XII Feria de Comercio, Turismo, Gastronom\u00eda y Empleo de Bu\u00f1ol desarrollada del 19 al 21 de mayo en el acceso al parque del Planell de Bu\u00f1ol.<\/div>\n","protected":false},"author":1,"featured_media":0,"comment_status":"open","ping_status":"open","sticky":false,"template":"","format":"standard","meta":{"footnotes":""},"categories":[18,8,10,5,7,383,3,26],"tags":[4730,5952],"class_list":{"0":"post-56903","1":"post","2":"type-post","3":"status-publish","4":"format-standard","6":"category-bunol","7":"category-la-comarca","8":"category-la-hoya","9":"category-la-semana-en-imagenes","10":"category-ocio-y-cultura","11":"category-pueblos-en-fiestas","12":"category-seccion","13":"category-video","14":"tag-feria-comercio","15":"tag-la-hoya-de-bunol-chiva"},"_links":{"self":[{"href":"https:\/\/www.tucomarca.com\/wordpress\/segunda\/wp-json\/wp\/v2\/posts\/56903","targetHints":{"allow":["GET"]}}],"collection":[{"href":"https:\/\/www.tucomarca.com\/wordpress\/segunda\/wp-json\/wp\/v2\/posts"}],"about":[{"href":"https:\/\/www.tucomarca.com\/wordpress\/segunda\/wp-json\/wp\/v2\/types\/post"}],"author":[{"embeddable":true,"href":"https:\/\/www.tucomarca.com\/wordpress\/segunda\/wp-json\/wp\/v2\/users\/1"}],"replies":[{"embeddable":true,"href":"https:\/\/www.tucomarca.com\/wordpress\/segunda\/wp-json\/wp\/v2\/comments?post=56903"}],"version-history":[{"count":0,"href":"https:\/\/www.tucomarca.com\/wordpress\/segunda\/wp-json\/wp\/v2\/posts\/56903\/revisions"}],"wp:attachment":[{"href":"https:\/\/www.tucomarca.com\/wordpress\/segunda\/wp-json\/wp\/v2\/media?parent=56903"}],"wp:term":[{"taxonomy":"category","embeddable":true,"href":"https:\/\/www.tucomarca.com\/wordpress\/segunda\/wp-json\/wp\/v2\/categories?post=56903"},{"taxonomy":"post_tag","embeddable":true,"href":"https:\/\/www.tucomarca.com\/wordpress\/segunda\/wp-json\/wp\/v2\/tags?post=56903"}],"curies":[{"name":"wp","href":"https:\/\/api.w.org\/{rel}","templated":true}]}}