{"id":56924,"date":"2017-05-29T12:18:12","date_gmt":"2017-05-29T10:18:12","guid":{"rendered":"http:\/\/www.tucomarca.com\/wordpress\/segunda\/?p=56924"},"modified":"2017-05-29T12:18:12","modified_gmt":"2017-05-29T10:18:12","slug":"csi%c2%b7f-lamenta-que-la-dgt-saque-23-plazas-de-operador-de-informacion-en-trafico-y-que-ninguna-sea-en-alzira-o-valencia","status":"publish","type":"post","link":"https:\/\/www.tucomarca.com\/wordpress\/segunda\/csi%c2%b7f-lamenta-que-la-dgt-saque-23-plazas-de-operador-de-informacion-en-trafico-y-que-ninguna-sea-en-alzira-o-valencia\/","title":{"rendered":"CSI\u00b7F lamenta que la DGT saque 23 plazas de operador de informaci\u00f3n en Tr\u00e1fico y que ninguna sea en Alzira o Valencia"},"content":{"rendered":"<p>El sindicato CSI\u00b7F lamenta que la Direcci\u00f3n General de Tr\u00e1fico (DGT) haya publicado las plazas ofertadas para comisiones de servicios sin incluir ninguna para la Jefatura Provincial de Valencia o para la Oficina Local de Alzira. En total, oferta 23 plazas de operador de informaci\u00f3n en Tr\u00e1fico, todas fuera de la Comunidad Valenciana.<\/p>\n<p>La Central Sindical Independiente y de Funcionarios (CSI\u00b7F) viene insistiendo en la necesidad de reforzar con urgencia la Oficina Local de Alzira, que ha pasado de contar con 23 operadores en 2009 para atender ventanillas y tr\u00e1mites internos a quedarse con los nueve actuales. La amortizaci\u00f3n de plazas por traslado o jubilaci\u00f3n est\u00e1 provocando una saturaci\u00f3n del servicio.<\/p>\n<p>CSI\u00b7F considera que la DGT dispon\u00eda de una buena ocasi\u00f3n para atenuar esta situaci\u00f3n y reforzar la oficina adjudic\u00e1ndole alguna de las plazas para estas comisiones de servicios. No obstante, el organismo dependiente del Ministerio del Interior ha optado por no convocar ninguno de estos puestos no \u00fanicamente en Alzira, sino en el conjunto de la Comunidad Valenciana, ya que tampoco recibir\u00e1n las jefaturas provinciales de Alicante, Castell\u00f3n y Valencia.<\/p>\n<p>El sindicato insistir\u00e1 a la Direcci\u00f3n General de Tr\u00e1fico para que refuerce con urgencia la oficina local de Alzira, que cubra vacantes y bajas, y que evite el continuo deterioro del servicio que se est\u00e1 generando por la escasez de personal.\u00a0 El sindicato tambi\u00e9n avisa de la saturaci\u00f3n que sufren los trabajadores y de la dificultad para poder atender la acumulaci\u00f3n de tareas debido a la carencia de efectivos.<\/p>\n","protected":false},"excerpt":{"rendered":"<div class=\"mh-excerpt\">El sindicato CSI\u00b7F lamenta que la Direcci\u00f3n General de Tr\u00e1fico (DGT) haya publicado las plazas ofertadas para comisiones de servicios sin incluir ninguna para la Jefatura Provincial de Valencia o para la Oficina Local de <a class=\"mh-excerpt-more\" href=\"https:\/\/www.tucomarca.com\/wordpress\/segunda\/csi%c2%b7f-lamenta-que-la-dgt-saque-23-plazas-de-operador-de-informacion-en-trafico-y-que-ninguna-sea-en-alzira-o-valencia\/\" title=\"CSI\u00b7F lamenta que la DGT saque 23 plazas de operador de informaci\u00f3n en Tr\u00e1fico y que ninguna sea en Alzira o Valencia\">[+] <\/a><\/div>\n","protected":false},"author":1,"featured_media":56766,"comment_status":"open","ping_status":"open","sticky":false,"template":"","format":"standard","meta":{"footnotes":""},"categories":[69,8,42,3],"tags":[],"class_list":{"0":"post-56924","1":"post","2":"type-post","3":"status-publish","4":"format-standard","5":"has-post-thumbnail","7":"category-alzira","8":"category-la-comarca","9":"category-la-ribera","10":"category-seccion"},"_links":{"self":[{"href":"https:\/\/www.tucomarca.com\/wordpress\/segunda\/wp-json\/wp\/v2\/posts\/56924","targetHints":{"allow":["GET"]}}],"collection":[{"href":"https:\/\/www.tucomarca.com\/wordpress\/segunda\/wp-json\/wp\/v2\/posts"}],"about":[{"href":"https:\/\/www.tucomarca.com\/wordpress\/segunda\/wp-json\/wp\/v2\/types\/post"}],"author":[{"embeddable":true,"href":"https:\/\/www.tucomarca.com\/wordpress\/segunda\/wp-json\/wp\/v2\/users\/1"}],"replies":[{"embeddable":true,"href":"https:\/\/www.tucomarca.com\/wordpress\/segunda\/wp-json\/wp\/v2\/comments?post=56924"}],"version-history":[{"count":0,"href":"https:\/\/www.tucomarca.com\/wordpress\/segunda\/wp-json\/wp\/v2\/posts\/56924\/revisions"}],"wp:featuredmedia":[{"embeddable":true,"href":"https:\/\/www.tucomarca.com\/wordpress\/segunda\/wp-json\/wp\/v2\/media\/56766"}],"wp:attachment":[{"href":"https:\/\/www.tucomarca.com\/wordpress\/segunda\/wp-json\/wp\/v2\/media?parent=56924"}],"wp:term":[{"taxonomy":"category","embeddable":true,"href":"https:\/\/www.tucomarca.com\/wordpress\/segunda\/wp-json\/wp\/v2\/categories?post=56924"},{"taxonomy":"post_tag","embeddable":true,"href":"https:\/\/www.tucomarca.com\/wordpress\/segunda\/wp-json\/wp\/v2\/tags?post=56924"}],"curies":[{"name":"wp","href":"https:\/\/api.w.org\/{rel}","templated":true}]}}