{"id":56950,"date":"2017-05-29T12:38:24","date_gmt":"2017-05-29T10:38:24","guid":{"rendered":"http:\/\/www.tucomarca.com\/wordpress\/segunda\/?p=56950"},"modified":"2017-05-29T12:38:24","modified_gmt":"2017-05-29T10:38:24","slug":"la-diputacion-participa-en-una-jornada-en-lliria-sobre-como-proteger-a-las-victimas-de-la-violencia-de-genero","status":"publish","type":"post","link":"https:\/\/www.tucomarca.com\/wordpress\/segunda\/la-diputacion-participa-en-una-jornada-en-lliria-sobre-como-proteger-a-las-victimas-de-la-violencia-de-genero\/","title":{"rendered":"La Diputaci\u00f3n participa en una jornada en Ll\u00edria sobre c\u00f3mo proteger a las v\u00edctimas de la violencia de g\u00e9nero"},"content":{"rendered":"<figure id=\"attachment_56951\" aria-describedby=\"caption-attachment-56951\" style=\"width: 300px\" class=\"wp-caption alignleft\"><a href=\"https:\/\/www.tucomarca.com\/wordpress\/segunda\/wp-content\/uploads\/2017\/05\/BerenguerLliria.jpg\"><img loading=\"lazy\" decoding=\"async\" class=\"size-medium wp-image-56951\" src=\"https:\/\/www.tucomarca.com\/wordpress\/segunda\/wp-content\/uploads\/2017\/05\/BerenguerLliria-300x201.jpg\" alt=\"La diputada de Bienestar Social, Mercedes Berenguer, durante su participaci\u00f3n en las jornadas.\" width=\"300\" height=\"201\" srcset=\"https:\/\/www.tucomarca.com\/wordpress\/segunda\/wp-content\/uploads\/2017\/05\/BerenguerLliria-300x201.jpg 300w, https:\/\/www.tucomarca.com\/wordpress\/segunda\/wp-content\/uploads\/2017\/05\/BerenguerLliria-768x516.jpg 768w, https:\/\/www.tucomarca.com\/wordpress\/segunda\/wp-content\/uploads\/2017\/05\/BerenguerLliria-1024x687.jpg 1024w\" sizes=\"auto, (max-width: 300px) 100vw, 300px\" \/><\/a><figcaption id=\"caption-attachment-56951\" class=\"wp-caption-text\">La diputada de Bienestar Social, Mercedes Berenguer, durante su participaci\u00f3n en las jornadas.<\/figcaption><\/figure>\n<p>\u2018Hay salida a la violencia de g\u00e9nero\u2019, reza el folleto del Servicio Telef\u00f3nico de Atenci\u00f3n y Protecci\u00f3n para v\u00edctimas de la violencia de g\u00e9nero (ATENPRO). Sobre este asunto se han basado las jornadas de trabajo destinadas a concienciar, formar y colaborar en materia de violencia de g\u00e9nero, en las que ha participado la diputada de Bienestar Social, Mercedes Berenguer.<\/p>\n<p>\u201cDesde la Diputaci\u00f3n tenemos el compromiso de luchar contra el maltrato, y por ello estos encuentros entre diferentes administraciones son important\u00edsimos\u201d, ha iniciado su intervenci\u00f3n la diputada en el Centro Multiusos de Ll\u00edria. \u201cLa mayor expresi\u00f3n de convivencia de un pa\u00eds es la igualdad y la solidaridad, y para conseguirlo es fundamental la educaci\u00f3n en estos valores\u201d, ha a\u00f1adido Berenguer.<\/p>\n<p>En estas jornadas de trabajo, organizadas por el ministerio de Sanidad, Servicios Sociales e Igualdad, y Cruz Roja Espa\u00f1ola, han colaborado la Corporaci\u00f3n provincial y la Federaci\u00f3n Espa\u00f1ola de Municipios y Provincias. Durante el acto de inauguraci\u00f3n han intervenido, adem\u00e1s de la diputada de Bienestar Social, el subdelegado del gobierno, Jos\u00e9 Vicente Herrera, y la presidenta de la asamblea local de Cruz Roja de Villar del Arzobispo, Pilar Cubells.<\/p>\n<p>\u201cEs inestimable la ardua gesti\u00f3n del servicio telef\u00f3nico de ATENPRO a las mujeres que sufren violencia de g\u00e9nero\u201d, ha declarado Cubells. La portavoz de Cruz Roja ha recordado las m\u00e1s de 3.000 mujeres que han sido usuarias para recibir orientaci\u00f3n social y apoyo emocional \u201clas 24 horas del d\u00eda\u201d. Por su parte, el subdelegado del gobierno ha lamentado \u201cla grave herida que nos compromete a todos, porque se acaban los calificativos cuanto hablamos de violencia de g\u00e9nero\u201d. Sin embargo, Herrera ha celebrado la organizaci\u00f3n del evento y el compromiso de sus asistentes para \u201ccambiar la tendencia\u201d.<\/p>\n<p>Adem\u00e1s, estas jornadas han contado con la implicaci\u00f3n de representantes de los cuerpos de seguridad y trabajadores sociales, quienes han debatido, entre otros, c\u00f3mo coordinar recursos de asistencia y protecci\u00f3n a las v\u00edctimas de violencia de g\u00e9nero. Los objetivos principales han sido presentar el funcionamiento del servicio ATENPRO desde una perspectiva t\u00e9cnica, dotar de los conocimientos necesarios para su correcta gesti\u00f3n a los diferentes organismos implicados y dar a conocer la utilidad en la protecci\u00f3n a las v\u00edctimas de violencia.<\/p>\n<p>Berenguer ha mostrado su satisfacci\u00f3n \u201cpor la representaci\u00f3n en esta mesa de la administraci\u00f3n p\u00fablica a diferentes niveles\u201d. \u201cEste no es un tema partidista, es necesario un pacto de Estado para erradicar la violencia de g\u00e9nero\u201d, ha insistido la diputada de Bienestar Social.<\/p>\n","protected":false},"excerpt":{"rendered":"<div class=\"mh-excerpt\">\u2018Hay salida a la violencia de g\u00e9nero\u2019, reza el folleto del Servicio Telef\u00f3nico de Atenci\u00f3n y Protecci\u00f3n para v\u00edctimas de la violencia de g\u00e9nero (ATENPRO). Sobre este asunto se han basado las jornadas de trabajo <a class=\"mh-excerpt-more\" href=\"https:\/\/www.tucomarca.com\/wordpress\/segunda\/la-diputacion-participa-en-una-jornada-en-lliria-sobre-como-proteger-a-las-victimas-de-la-violencia-de-genero\/\" title=\"La Diputaci\u00f3n participa en una jornada en Ll\u00edria sobre c\u00f3mo proteger a las v\u00edctimas de la violencia de g\u00e9nero\">[+] <\/a><\/div>\n","protected":false},"author":1,"featured_media":56951,"comment_status":"open","ping_status":"open","sticky":false,"template":"","format":"standard","meta":{"footnotes":""},"categories":[46,8,47,3,45],"tags":[],"class_list":{"0":"post-56950","1":"post","2":"type-post","3":"status-publish","4":"format-standard","5":"has-post-thumbnail","7":"category-camp-de-turia","8":"category-la-comarca","9":"category-lliria","10":"category-seccion","11":"category-ventana"},"_links":{"self":[{"href":"https:\/\/www.tucomarca.com\/wordpress\/segunda\/wp-json\/wp\/v2\/posts\/56950","targetHints":{"allow":["GET"]}}],"collection":[{"href":"https:\/\/www.tucomarca.com\/wordpress\/segunda\/wp-json\/wp\/v2\/posts"}],"about":[{"href":"https:\/\/www.tucomarca.com\/wordpress\/segunda\/wp-json\/wp\/v2\/types\/post"}],"author":[{"embeddable":true,"href":"https:\/\/www.tucomarca.com\/wordpress\/segunda\/wp-json\/wp\/v2\/users\/1"}],"replies":[{"embeddable":true,"href":"https:\/\/www.tucomarca.com\/wordpress\/segunda\/wp-json\/wp\/v2\/comments?post=56950"}],"version-history":[{"count":0,"href":"https:\/\/www.tucomarca.com\/wordpress\/segunda\/wp-json\/wp\/v2\/posts\/56950\/revisions"}],"wp:featuredmedia":[{"embeddable":true,"href":"https:\/\/www.tucomarca.com\/wordpress\/segunda\/wp-json\/wp\/v2\/media\/56951"}],"wp:attachment":[{"href":"https:\/\/www.tucomarca.com\/wordpress\/segunda\/wp-json\/wp\/v2\/media?parent=56950"}],"wp:term":[{"taxonomy":"category","embeddable":true,"href":"https:\/\/www.tucomarca.com\/wordpress\/segunda\/wp-json\/wp\/v2\/categories?post=56950"},{"taxonomy":"post_tag","embeddable":true,"href":"https:\/\/www.tucomarca.com\/wordpress\/segunda\/wp-json\/wp\/v2\/tags?post=56950"}],"curies":[{"name":"wp","href":"https:\/\/api.w.org\/{rel}","templated":true}]}}