{"id":56978,"date":"2017-05-29T12:47:27","date_gmt":"2017-05-29T10:47:27","guid":{"rendered":"http:\/\/www.tucomarca.com\/wordpress\/segunda\/?p=56978"},"modified":"2017-05-29T12:47:27","modified_gmt":"2017-05-29T10:47:27","slug":"leliana-acoge-este-sabado-la-septima-edicion-de-la-carrera-solidaria-contra-el-cancer","status":"publish","type":"post","link":"https:\/\/www.tucomarca.com\/wordpress\/segunda\/leliana-acoge-este-sabado-la-septima-edicion-de-la-carrera-solidaria-contra-el-cancer\/","title":{"rendered":"L\u2019Eliana acoge este s\u00e1bado la s\u00e9ptima edici\u00f3n de la carrera solidaria contra el c\u00e1ncer"},"content":{"rendered":"<figure id=\"attachment_56979\" aria-describedby=\"caption-attachment-56979\" style=\"width: 1024px\" class=\"wp-caption alignleft\"><a href=\"https:\/\/www.tucomarca.com\/wordpress\/segunda\/wp-content\/uploads\/2017\/05\/LElianacancer.jpg\"><img loading=\"lazy\" decoding=\"async\" class=\"size-large wp-image-56979\" src=\"https:\/\/www.tucomarca.com\/wordpress\/segunda\/wp-content\/uploads\/2017\/05\/LElianacancer-1024x683.jpg\" alt=\"L\u2019Eliana es el primer municipio del Camp de T\u00faria en aportaciones econ\u00f3micas a la Asociaci\u00f3n Espa\u00f1ola contra el C\u00e1ncer.\" width=\"1024\" height=\"683\" srcset=\"https:\/\/www.tucomarca.com\/wordpress\/segunda\/wp-content\/uploads\/2017\/05\/LElianacancer.jpg 1024w, https:\/\/www.tucomarca.com\/wordpress\/segunda\/wp-content\/uploads\/2017\/05\/LElianacancer-300x200.jpg 300w, https:\/\/www.tucomarca.com\/wordpress\/segunda\/wp-content\/uploads\/2017\/05\/LElianacancer-768x512.jpg 768w\" sizes=\"auto, (max-width: 1024px) 100vw, 1024px\" \/><\/a><figcaption id=\"caption-attachment-56979\" class=\"wp-caption-text\">L\u2019Eliana es el primer municipio del Camp de T\u00faria en aportaciones econ\u00f3micas a la Asociaci\u00f3n Espa\u00f1ola contra el C\u00e1ncer.<\/figcaption><\/figure>\n<p>La presentaci\u00f3n de la VII Carrera contra el C\u00e1ncer -Memorial Toni Lastra- se celebr\u00f3 en el Sal\u00f3n de Plenos del Ayuntamiento de l\u2019Eliana y cont\u00f3 con la presencia del alcalde de la localidad, Salva Torrent; la concejala de Deportes, Eva Santaf\u00e9; la vicepresidenta de la Diputaci\u00f3n de Valencia, Mercedes Berenguer; el presidente del Club Correliana, Javier Pons; el subdirector de la Junta Provincial AECC Valencia, Javier Llombart; y la atleta Natacha L\u00f3pez.<\/p>\n<p>El presidente de Correliana, Javier Pons, resumi\u00f3 los detalles la carrera, que se celebrar\u00e1 el pr\u00f3ximo s\u00e1bado 3 de junio, a las 19:45 horas en el Polideportivo Municipal y recorrer\u00e1 6 kil\u00f3metros que podr\u00e1n realizarse corriendo o andando. Las inscripciones, con un coste de 7 euros, estar\u00e1n abiertas hasta el 1 de junio a las 22:00 horas, v\u00eda online a trav\u00e9s de la web <a href=\"http:\/\/www.toprun.es\">www.toprun.es<\/a>, o de forma presencial en la oficina de Mapfre en l\u2019Eliana y en la tienda 42 y pico de Valencia.<\/p>\n<p>La Diputaci\u00f3n de Valencia, a trav\u00e9s de su vicepresidenta Mercedes Berenguer, se\u00f1al\u00f3 <i>el importante papel de la Junta Provincial y de su subdirector Javier Llombart<\/i>, quien anunci\u00f3 que \u201c<i>l\u2019Eliana es el municipio de la comarca de Camp de T\u00faria que mayor aportaci\u00f3n econ\u00f3mica realiza a la AECC\u201d.<\/i><\/p>\n<p>La concejala de Deportes, Eva Santaf\u00e9, destac\u00f3 la importancia de estas iniciativas solidarias que colaboran con la Asociaci\u00f3n Espa\u00f1ola contra el C\u00e1ncer (AECC) en la lucha e investigaci\u00f3n contra esta enfermedad. \u201c<i>El gran trabajo del Club Correliana para llevar a cabo esta carrera, junto a la colaboraci\u00f3n de los voluntarios y del personal de ayuntamiento han hecho posible que esta carrera haya sido un \u00e9xito en todas sus ediciones y lo vaya a ser de nuevo en este 2017<\/i>\u201d<\/p>\n<p>El alcalde de l\u2019Eliana, por su parte, anim\u00f3 a todos los vecinos a unirse y participar de esta carrera, \u201c<i>L\u2019Eliana es un municipio solidario, que se vuelca con cada uno de los eventos de estas caracter\u00edsticas y gracias al gran trabajo de la Junta Local AECC y de todos los colaboradores hemos demostrado que \u00a0 somos un pueblo ejemplar<\/i>\u201d, destac\u00f3 el primer edil.<\/p>\n","protected":false},"excerpt":{"rendered":"<div class=\"mh-excerpt\">La presentaci\u00f3n de la VII Carrera contra el C\u00e1ncer -Memorial Toni Lastra- se celebr\u00f3 en el Sal\u00f3n de Plenos del Ayuntamiento de l\u2019Eliana y cont\u00f3 con la presencia del alcalde de la localidad, Salva Torrent; <a class=\"mh-excerpt-more\" href=\"https:\/\/www.tucomarca.com\/wordpress\/segunda\/leliana-acoge-este-sabado-la-septima-edicion-de-la-carrera-solidaria-contra-el-cancer\/\" title=\"L\u2019Eliana acoge este s\u00e1bado la s\u00e9ptima edici\u00f3n de la carrera solidaria contra el c\u00e1ncer\">[+] <\/a><\/div>\n","protected":false},"author":1,"featured_media":56979,"comment_status":"open","ping_status":"open","sticky":false,"template":"","format":"standard","meta":{"footnotes":""},"categories":[46,177,8,3,45],"tags":[10395,10433],"class_list":{"0":"post-56978","1":"post","2":"type-post","3":"status-publish","4":"format-standard","5":"has-post-thumbnail","7":"category-camp-de-turia","8":"category-leliana","9":"category-la-comarca","10":"category-seccion","11":"category-ventana","12":"tag-camp-de-turia","13":"tag-leliana"},"_links":{"self":[{"href":"https:\/\/www.tucomarca.com\/wordpress\/segunda\/wp-json\/wp\/v2\/posts\/56978","targetHints":{"allow":["GET"]}}],"collection":[{"href":"https:\/\/www.tucomarca.com\/wordpress\/segunda\/wp-json\/wp\/v2\/posts"}],"about":[{"href":"https:\/\/www.tucomarca.com\/wordpress\/segunda\/wp-json\/wp\/v2\/types\/post"}],"author":[{"embeddable":true,"href":"https:\/\/www.tucomarca.com\/wordpress\/segunda\/wp-json\/wp\/v2\/users\/1"}],"replies":[{"embeddable":true,"href":"https:\/\/www.tucomarca.com\/wordpress\/segunda\/wp-json\/wp\/v2\/comments?post=56978"}],"version-history":[{"count":0,"href":"https:\/\/www.tucomarca.com\/wordpress\/segunda\/wp-json\/wp\/v2\/posts\/56978\/revisions"}],"wp:featuredmedia":[{"embeddable":true,"href":"https:\/\/www.tucomarca.com\/wordpress\/segunda\/wp-json\/wp\/v2\/media\/56979"}],"wp:attachment":[{"href":"https:\/\/www.tucomarca.com\/wordpress\/segunda\/wp-json\/wp\/v2\/media?parent=56978"}],"wp:term":[{"taxonomy":"category","embeddable":true,"href":"https:\/\/www.tucomarca.com\/wordpress\/segunda\/wp-json\/wp\/v2\/categories?post=56978"},{"taxonomy":"post_tag","embeddable":true,"href":"https:\/\/www.tucomarca.com\/wordpress\/segunda\/wp-json\/wp\/v2\/tags?post=56978"}],"curies":[{"name":"wp","href":"https:\/\/api.w.org\/{rel}","templated":true}]}}