{"id":56982,"date":"2017-05-29T12:52:52","date_gmt":"2017-05-29T10:52:52","guid":{"rendered":"http:\/\/www.tucomarca.com\/wordpress\/segunda\/?p=56982"},"modified":"2017-05-29T12:52:52","modified_gmt":"2017-05-29T10:52:52","slug":"la-guardia-civil-y-la-policia-nacional-desmantelan-una-organizacion-criminal-dedicada-al-trafico-de-drogas-en-la-provincia","status":"publish","type":"post","link":"https:\/\/www.tucomarca.com\/wordpress\/segunda\/la-guardia-civil-y-la-policia-nacional-desmantelan-una-organizacion-criminal-dedicada-al-trafico-de-drogas-en-la-provincia\/","title":{"rendered":"La Guardia Civil y la Polic\u00eda Nacional desmantelan una organizaci\u00f3n criminal dedicada al tr\u00e1fico de drogas en la provincia"},"content":{"rendered":"<figure id=\"attachment_56983\" aria-describedby=\"caption-attachment-56983\" style=\"width: 225px\" class=\"wp-caption alignleft\"><a href=\"https:\/\/www.tucomarca.com\/wordpress\/segunda\/wp-content\/uploads\/2017\/05\/GuardiaCivilalijo.jpg\"><img loading=\"lazy\" decoding=\"async\" class=\"size-medium wp-image-56983\" src=\"https:\/\/www.tucomarca.com\/wordpress\/segunda\/wp-content\/uploads\/2017\/05\/GuardiaCivilalijo-225x300.jpg\" alt=\"Una de las incautaciones llevadas a cabo por la Guardia Civil.\" width=\"225\" height=\"300\" srcset=\"https:\/\/www.tucomarca.com\/wordpress\/segunda\/wp-content\/uploads\/2017\/05\/GuardiaCivilalijo-225x300.jpg 225w, https:\/\/www.tucomarca.com\/wordpress\/segunda\/wp-content\/uploads\/2017\/05\/GuardiaCivilalijo-768x1024.jpg 768w, https:\/\/www.tucomarca.com\/wordpress\/segunda\/wp-content\/uploads\/2017\/05\/GuardiaCivilalijo-1024x1365.jpg 1024w\" sizes=\"auto, (max-width: 225px) 100vw, 225px\" \/><\/a><figcaption id=\"caption-attachment-56983\" class=\"wp-caption-text\">Una de las incautaciones llevadas a cabo por la Guardia Civil.<\/figcaption><\/figure>\n<p>Dentro de los servicios establecidos para prevenir el tr\u00e1fico y cultivo de sustancias estupefacientes en la provincia de Valencia, la Guardia Civil y la Polic\u00eda Nacional ven\u00edan investigando desde el pasado mes de noviembre, una organizaci\u00f3n que actuaba en Valencia y Francia en delitos presuntamente relacionados con el tr\u00e1fico de drogas.<\/p>\n<p>Por ello, se inici\u00f3 la operaci\u00f3n \u201cCENTIPEDE- LE FRANCE\u201d por parte de la Guardia Civil y la Polic\u00eda Nacional, al objeto de poder localizar y detener a los autores de estos hechos delictivos.<b>\u00a0\u00a0<\/b><\/p>\n<p>La fase de explotaci\u00f3n de esta operaci\u00f3n culmino con la detenci\u00f3n de 39 personas de edades comprendidas entre los 14 y los 60 a\u00f1os de edad y nacionalidades espa\u00f1ola, ecuatoriana y marroqu\u00ed,\u00a0 por delitos contra la salud p\u00fablica, pertenencia a organizaci\u00f3n criminal, tenencia il\u00edcita de armas, blanqueo de capitales y defraudaci\u00f3n de fluido el\u00e9ctrico.<\/p>\n<p>Estas detenciones se llevaron a cabo en las poblaciones de Benimodo, Pedan\u00eda de Cogullada de Carcaixent, L\u00b4Alcudia, Pedan\u00eda de Montortal de L\u00b4Alcudia, Alberic, Villanueva de Castell\u00f3n, Carlet, Montserrat, Pobla Llarga, Sellent, C\u00e1rcer, Alfarp, Paterna, Godelleta y Catadau.<\/p>\n<p>Esta operaci\u00f3n tambien ha contado con la colaboraci\u00f3n de la Polic\u00eda Nacional Francesa que detuvo en Francia a varios integrantes de esta organizaci\u00f3n criminal e intervino armas de fuego, dinero y marihuana envasada.<\/p>\n<p>Esta organizaci\u00f3n perfectamente definida se dedicada al cultivo de marihuana en propiedades propias y en otras alquiladas por terceras personas bajo el mando de los cabecillas.<\/p>\n<p>La droga se hacia llegar a distribuidores de otros pa\u00edses, como Francia, para trasp\u00f3rtala utilizaban dobles fondos de veh\u00edculos de carga, obteniendo importantes beneficios con ello, que posteriormente eran blanqueados en negocios, legales, propiedades inmobiliarias, veh\u00edculos de alta gama, joyas, viajes de lujo, y caballos de pura sangre.<\/p>\n<p>En los 32 registros practicados por los agentes encargados del caso, se han incautado 2.318 plantas de marihuana, 54 kg\u00a0 de cogollos,\u00a0 19 veh\u00edculos de gama alta, 64.168 euros en efectivo, un arma corta del calibre 38 especial, un rifle del calibre 22 y joyas de diverso valor.<\/p>\n<p>Destacar que se ha procedido al bloqueo de los bienes muebles e inmuebles de los cabecillas del grupo, para evitar la evasi\u00f3n de su capital.<\/p>\n<p>Las diligencias han sido entregadas en el Juzgado de Primera Instancia e Instrucci\u00f3n\u00a0 n\u00ba 3 de Carlet.<\/p>\n<p>Las investigaciones contin\u00faan abiertas para lograr el total esclarecimiento de los hechos, no descart\u00e1ndose nuevas detenciones.<\/p>\n<p>Esta operaci\u00f3n ha sido desarrollada por Unidades de la Guardia Civil con sede en\u00a0 Carlet y las Udyco de la Policia Nacional de Valencia y Alzira, adem\u00e1s se ha contado con el apoyo del Grs, Helicoptero,Cinologico y Usecic de la Guardia Civil; y GOES, U.I.P., Gu\u00edas Caninos, GOIT y Helic\u00f3pteros de la Polic\u00eda Nacional.<\/p>\n","protected":false},"excerpt":{"rendered":"<div class=\"mh-excerpt\">Dentro de los servicios establecidos para prevenir el tr\u00e1fico y cultivo de sustancias estupefacientes en la provincia de Valencia, la Guardia Civil y la Polic\u00eda Nacional ven\u00edan investigando desde el pasado mes de noviembre, una <a class=\"mh-excerpt-more\" href=\"https:\/\/www.tucomarca.com\/wordpress\/segunda\/la-guardia-civil-y-la-policia-nacional-desmantelan-una-organizacion-criminal-dedicada-al-trafico-de-drogas-en-la-provincia\/\" title=\"La Guardia Civil y la Polic\u00eda Nacional desmantelan una organizaci\u00f3n criminal dedicada al tr\u00e1fico de drogas en la provincia\">[+] <\/a><\/div>\n","protected":false},"author":1,"featured_media":56983,"comment_status":"open","ping_status":"open","sticky":false,"template":"","format":"standard","meta":{"footnotes":""},"categories":[154,291,155,14,8,10,144,42,162,3,150,116,45,163],"tags":[],"class_list":{"0":"post-56982","1":"post","2":"type-post","3":"status-publish","4":"format-standard","5":"has-post-thumbnail","7":"category-alfarp","8":"category-carlet","9":"category-catadau","10":"category-godelleta","11":"category-la-comarca","12":"category-la-hoya","13":"category-la-pobla-llarga","14":"category-la-ribera","15":"category-monserrat","16":"category-seccion","17":"category-sellent","18":"category-sucesos-la-comarca","19":"category-ventana","20":"category-villanueva-de-castellon"},"_links":{"self":[{"href":"https:\/\/www.tucomarca.com\/wordpress\/segunda\/wp-json\/wp\/v2\/posts\/56982","targetHints":{"allow":["GET"]}}],"collection":[{"href":"https:\/\/www.tucomarca.com\/wordpress\/segunda\/wp-json\/wp\/v2\/posts"}],"about":[{"href":"https:\/\/www.tucomarca.com\/wordpress\/segunda\/wp-json\/wp\/v2\/types\/post"}],"author":[{"embeddable":true,"href":"https:\/\/www.tucomarca.com\/wordpress\/segunda\/wp-json\/wp\/v2\/users\/1"}],"replies":[{"embeddable":true,"href":"https:\/\/www.tucomarca.com\/wordpress\/segunda\/wp-json\/wp\/v2\/comments?post=56982"}],"version-history":[{"count":0,"href":"https:\/\/www.tucomarca.com\/wordpress\/segunda\/wp-json\/wp\/v2\/posts\/56982\/revisions"}],"wp:featuredmedia":[{"embeddable":true,"href":"https:\/\/www.tucomarca.com\/wordpress\/segunda\/wp-json\/wp\/v2\/media\/56983"}],"wp:attachment":[{"href":"https:\/\/www.tucomarca.com\/wordpress\/segunda\/wp-json\/wp\/v2\/media?parent=56982"}],"wp:term":[{"taxonomy":"category","embeddable":true,"href":"https:\/\/www.tucomarca.com\/wordpress\/segunda\/wp-json\/wp\/v2\/categories?post=56982"},{"taxonomy":"post_tag","embeddable":true,"href":"https:\/\/www.tucomarca.com\/wordpress\/segunda\/wp-json\/wp\/v2\/tags?post=56982"}],"curies":[{"name":"wp","href":"https:\/\/api.w.org\/{rel}","templated":true}]}}