{"id":570,"date":"2012-04-18T19:10:09","date_gmt":"2012-04-18T19:10:09","guid":{"rendered":"http:\/\/www.tucomarca.com\/wordpress\/segunda\/?p=570"},"modified":"2012-05-05T01:50:30","modified_gmt":"2012-05-05T01:50:30","slug":"570","status":"publish","type":"post","link":"https:\/\/www.tucomarca.com\/wordpress\/segunda\/570\/","title":{"rendered":"Clemente anima al PP de La Hoya a seguir por el camino que le ha permitido obtener \u00abun r\u00e9cord electoral hist\u00f3rico\u00bb"},"content":{"rendered":"<p>Como ya adelant\u00f3 tucomarca.com en su edici\u00f3n impresa, el secretario general del Partido Popular de la Comunitat Valenciana, Antonio Clemente, se citaba este pasado martes en Macastre con\u00a0 militantes, alcaldes y concejales del PP en La Hoya de Bu\u00f1ol-Chiva a quienes ha animado a continuar \u00abpor la l\u00ednea de trabajo en La Hoya de Bu\u00f1ol que ha llevado a tener un r\u00e9cord de alcald\u00edas en la comarca, con 7 de 9 municipios\u00bb, tal como remarc\u00f3.<\/p>\n<p>En presencia de la diputada auton\u00f3mica y presidenta del PP comarcal, Sagrario S\u00e1nchez, quien tambi\u00e9n se ha congratulado del buen momento del PP comarcal, el dirigente popular ha resaltado que La Hoya de Bu\u00f1ol \u00abde ser una comarca de izquierdas ha pasado a ser pr\u00e1cticamente azul, donde el PSOE s\u00f3lo conserva una alcald\u00eda y Esquerra Unida tiene otra, ambas encima sin tener mayor\u00eda\u00bb. Asimismo, ha destacado el triunfo del PP en Macastre \u00abdonde la alcaldesa, Mar\u00eda Jos\u00e9 Casero, es un ejemplo de que la juventud en el PPCV est\u00e1 llamada a asumir tareas importantes\u00bb, a lo que ha a\u00f1adido \u00abel triunfo hist\u00f3rico del PP en Bu\u00f1ol, siendo el partido m\u00e1s votado y al que los ciudadanos escogieron para encabezar un gobierno de cambio. En este caso, los pactos de izquierda que tienen como \u00fanico objetivo impedir que gobierne el PP frenaron esa necesaria renovaci\u00f3n que reclamaban los ciudadanos de Bu\u00f1ol\u00bb.<\/p>\n<p>En este sentido, Antonio Clemente ha animado a los militantes y concejales del PP de Bu\u00f1ol \u00aba perseverar y luchar por un Gobierno decente en Bu\u00f1ol, que mire por las personas, porque Bu\u00f1ol no se merece un tripartito radical y de izquierdas en minor\u00eda que est\u00e1 unido s\u00f3lo por la poltrona y los complejos\u00bb.<br \/>\nClemente ha animado a alcaldes, concejales, portavoces y militantes, \u00abdel pueblo m\u00e1s grande hasta al m\u00e1s peque\u00f1o\u00bb a que \u00abse impliquen en la tarea de explicar a los ciudadanos las reformas que se est\u00e1n emprendiendo por parte del Consell del presidente Fabra y del Gobierno de Rajoy\u00bb.<br \/>\nAntonio Clemente se ha referido tambi\u00e9n al pr\u00f3ximo Congreso del PPCV, un evento que ha calificado como \u00abuna oportunidad para renovar nuestras ideas, para hacer propuestas que fomenten la recuperaci\u00f3n y el empleo, para avanzar hacia un modelo de Administraci\u00f3n m\u00e1s austero, para reivindicar el orgullo de pertenecer a la Comunitat Valenciana o una mejor financiaci\u00f3n y el Corredor Mediterr\u00e1neo\u00bb.<\/p>\n<p><strong>Primeras espadas y alcaldes<\/strong><\/p>\n<p>La comida de trabajo acontecida en Macastre ha servido de refuerzo al Partido Popular de esta poblaci\u00f3n, de ah\u00ed que la alcaldesa haya aprovechado la coyuntura para pedir ayuda a los pesos pesados de la pol\u00edtica valenciana a fin de poder llevar a cabo los proyectos que necesita el municipio.<br \/>\nEn esta cita han estado presentes nombres propios reconocibles en el Partido Popular de la Comunidad Valenciana de la talla de Jos\u00e9 Mar\u00eda Chiquillo, Luis Ib\u00e1\u00f1ez, Vicente Betoret y Pedro Agramunt. Junto a ellos han estado los alcaldes de Chiva, Jos\u00e9 Manuel Haro; de Cheste, David Dom\u00e9nech; de Alborache, Miguel Pinach; Godelleta, Salvador Mar\u00edn, de Y\u00e1tova,\u00a0 Rafael Lisarde; de Dos Aguas, Jos\u00e9 Ram\u00f3n Grau; de Cortes de Pall\u00e1s, Alberto S\u00e1ez; de Millares, Higinio P\u00e9rez; as\u00ed como el cabeza de lista por Bu\u00f1ol, Marcial D\u00edaz.<\/p>\n<p>No hay que olvidar aqu\u00ed a los integrantes del Partido Popular de Macastre, quienes han aprovechado la coyuntura para repartir un bolet\u00edn informativo en el que se detallan las \u00faltimas actuaciones que se han realizado, as\u00ed como las que se est\u00e1 acometiendo en estos momentos.<br \/>\nTras los parlamentos se ha desarrollado la comida en la que se ha aprovechado para poner ideas en com\u00fan.<\/p>\n","protected":false},"excerpt":{"rendered":"<div class=\"mh-excerpt\">Como ya adelant\u00f3 tucomarca.com en su edici\u00f3n impresa, el secretario general del Partido Popular de la Comunitat Valenciana, Antonio Clemente, se citaba este pasado martes en Macastre con\u00a0 militantes, alcaldes y concejales del PP en <a class=\"mh-excerpt-more\" href=\"https:\/\/www.tucomarca.com\/wordpress\/segunda\/570\/\" title=\"Clemente anima al PP de La Hoya a seguir por el camino que le ha permitido obtener \u00abun r\u00e9cord electoral hist\u00f3rico\u00bb\">[+] <\/a><\/div>\n","protected":false},"author":1,"featured_media":575,"comment_status":"open","ping_status":"open","sticky":false,"template":"","format":"standard","meta":{"footnotes":""},"categories":[19,18,17,16,15,14,8,10,13,3,26,11],"tags":[32,63],"class_list":{"0":"post-570","1":"post","2":"type-post","3":"status-publish","4":"format-standard","5":"has-post-thumbnail","7":"category-alborache","8":"category-bunol","9":"category-cheste","10":"category-chiva","11":"category-dos-aguas","12":"category-godelleta","13":"category-la-comarca","14":"category-la-hoya","15":"category-macastre","16":"category-seccion","17":"category-video","18":"category-yatova","19":"tag-politica","20":"tag-pp"},"_links":{"self":[{"href":"https:\/\/www.tucomarca.com\/wordpress\/segunda\/wp-json\/wp\/v2\/posts\/570","targetHints":{"allow":["GET"]}}],"collection":[{"href":"https:\/\/www.tucomarca.com\/wordpress\/segunda\/wp-json\/wp\/v2\/posts"}],"about":[{"href":"https:\/\/www.tucomarca.com\/wordpress\/segunda\/wp-json\/wp\/v2\/types\/post"}],"author":[{"embeddable":true,"href":"https:\/\/www.tucomarca.com\/wordpress\/segunda\/wp-json\/wp\/v2\/users\/1"}],"replies":[{"embeddable":true,"href":"https:\/\/www.tucomarca.com\/wordpress\/segunda\/wp-json\/wp\/v2\/comments?post=570"}],"version-history":[{"count":0,"href":"https:\/\/www.tucomarca.com\/wordpress\/segunda\/wp-json\/wp\/v2\/posts\/570\/revisions"}],"wp:featuredmedia":[{"embeddable":true,"href":"https:\/\/www.tucomarca.com\/wordpress\/segunda\/wp-json\/wp\/v2\/media\/575"}],"wp:attachment":[{"href":"https:\/\/www.tucomarca.com\/wordpress\/segunda\/wp-json\/wp\/v2\/media?parent=570"}],"wp:term":[{"taxonomy":"category","embeddable":true,"href":"https:\/\/www.tucomarca.com\/wordpress\/segunda\/wp-json\/wp\/v2\/categories?post=570"},{"taxonomy":"post_tag","embeddable":true,"href":"https:\/\/www.tucomarca.com\/wordpress\/segunda\/wp-json\/wp\/v2\/tags?post=570"}],"curies":[{"name":"wp","href":"https:\/\/api.w.org\/{rel}","templated":true}]}}