{"id":57015,"date":"2017-05-29T20:10:05","date_gmt":"2017-05-29T18:10:05","guid":{"rendered":"http:\/\/www.tucomarca.com\/wordpress\/segunda\/?p=57015"},"modified":"2017-05-29T20:10:05","modified_gmt":"2017-05-29T18:10:05","slug":"leliana-dedica-el-mes-de-junio-al-colectivo-lgtb","status":"publish","type":"post","link":"https:\/\/www.tucomarca.com\/wordpress\/segunda\/leliana-dedica-el-mes-de-junio-al-colectivo-lgtb\/","title":{"rendered":"L\u2019Eliana dedica el mes de junio al colectivo LGTB"},"content":{"rendered":"<figure id=\"attachment_57016\" aria-describedby=\"caption-attachment-57016\" style=\"width: 350px\" class=\"wp-caption alignleft\"><a href=\"https:\/\/www.tucomarca.com\/wordpress\/segunda\/wp-content\/uploads\/2017\/05\/LElianaLGTB.jpg\"><img loading=\"lazy\" decoding=\"async\" class=\" wp-image-57016\" src=\"https:\/\/www.tucomarca.com\/wordpress\/segunda\/wp-content\/uploads\/2017\/05\/LElianaLGTB.jpg\" alt=\"Cartel de la semana LGTB prevista en L'Eliana.\" width=\"350\" height=\"367\" srcset=\"https:\/\/www.tucomarca.com\/wordpress\/segunda\/wp-content\/uploads\/2017\/05\/LElianaLGTB.jpg 915w, https:\/\/www.tucomarca.com\/wordpress\/segunda\/wp-content\/uploads\/2017\/05\/LElianaLGTB-286x300.jpg 286w, https:\/\/www.tucomarca.com\/wordpress\/segunda\/wp-content\/uploads\/2017\/05\/LElianaLGTB-768x806.jpg 768w\" sizes=\"auto, (max-width: 350px) 100vw, 350px\" \/><\/a><figcaption id=\"caption-attachment-57016\" class=\"wp-caption-text\">Cartel de la semana LGTB prevista en L&#8217;Eliana.<\/figcaption><\/figure>\n<p>Durante el mes de junio, l\u2019Eliana se implicar\u00e1 en la defensa del colectivo LGTB, a trav\u00e9s de una iniciativa llamada \u2018Mes de l\u2019Orgull\u2019, en el que miembros de la asociaci\u00f3n local \u2018Marietes\u2019 y vecinos del municipio podr\u00e1n unirse a la lucha por los derechos e intereses de un colectivo que s\u00f3lo desea disfrutar de una sociedad igualitaria, tolerante y abierta a la diversidad. Las actividades comenzar\u00e1n el pr\u00f3ximo 1 de junio y finalizar\u00e1n el 28 de dicho mes.<\/p>\n<p>Las propuestas que forman parte del programa \u2018Mes del Orgullo\u2019 est\u00e1n dirigidas a toda la sociedad. El primer acto tendr\u00e1 lugar el jueves 1 de junio, a las 19:30 horas, cuando se izar\u00e1 la bandera multicolor en el balc\u00f3n del Ayuntamiento de l\u2019Eliana; tambi\u00e9n se colocar\u00e1 una pancarta. A las 19:45, representantes de \u2018Marietes\u2019 leer\u00e1n un manifiesto y se ofrecer\u00e1 un recital de poes\u00eda LGTB.<\/p>\n<p>El martes, 6 de junio, se proyectar\u00e1 la pel\u00edcula \u2018Los chicos est\u00e1n bien\u2019 en la Sala Pep Torrent del Centro Socio-Cultural de l\u2019Eliana. El domingo 11, desde las 11:00 hasta las 13:00 horas habr\u00e1 un taller de pintura en la pla\u00e7a del Pa\u00eds Valenci\u00e0. El lunes 12, el Centro Socio-Cultural acoger\u00e1 la proyecci\u00f3n del documental \u2018El viaje de Carla\u2019, pel\u00edcula dirigida por el periodista Fernando Olmeda que narra la vida de Carla Antonelli, activista transexual y diputada de Madrid. Ambos participar\u00e1n en un coloquio que tambi\u00e9n se ha previsto para dicha jornada.<\/p>\n<p>El jueves 15, en la sala Pep Torrent del Centro Socio-Cultural, habr\u00e1 una charla sobre la diversidad LGTB, en la que participar\u00e1n representantes de los colectivos \u2018Marietes\u2019 y \u2018Lambda\u2019. El martes 20, en esa misma sala se proyectar\u00e1 la pel\u00edcula \u2018Edwig and the angry inch\u2019. El jueves 22, en el Centro Socio-Cultural, escritores y escritoras como Mila Mart\u00ednez, Fran Rosell\u00f3, Eley Grey i \u00d3scar Hern\u00e1ndez abordar\u00e1n la \u2018literatura LGTB\u2019, y hablar\u00e1n de sus obras m\u00e1s conocidas.<\/p>\n<p>El s\u00e1bado 24, se participar\u00e1 en la manifestaci\u00f3n del Orgullo Gay que tendr\u00e1 lugar en Valencia. Un autob\u00fas partir\u00e1 desde el parking de la CELAE en l\u2019Eliana (a las 17:00 horas). Finalmente, el domingo 28 se cerrar\u00e1 este ciclo de actividades a las 20:00 horas, con una lectura de un manifiesto; la performance \u2018Orgullosos de \u00d3scar Hern\u00e1ndez\u2019 (a cargo de APLAE); y una cena festiva en la pla\u00e7a del Pa\u00eds Valenci\u00e0 (en la que los y las asistentes deber\u00e1n llevar de casa sus viandas).<\/p>\n","protected":false},"excerpt":{"rendered":"<div class=\"mh-excerpt\">Durante el mes de junio, l\u2019Eliana se implicar\u00e1 en la defensa del colectivo LGTB, a trav\u00e9s de una iniciativa llamada \u2018Mes de l\u2019Orgull\u2019, en el que miembros de la asociaci\u00f3n local \u2018Marietes\u2019 y vecinos del <a class=\"mh-excerpt-more\" href=\"https:\/\/www.tucomarca.com\/wordpress\/segunda\/leliana-dedica-el-mes-de-junio-al-colectivo-lgtb\/\" title=\"L\u2019Eliana dedica el mes de junio al colectivo LGTB\">[+] <\/a><\/div>\n","protected":false},"author":1,"featured_media":57016,"comment_status":"open","ping_status":"open","sticky":false,"template":"","format":"standard","meta":{"footnotes":""},"categories":[46,177,7,3],"tags":[],"class_list":{"0":"post-57015","1":"post","2":"type-post","3":"status-publish","4":"format-standard","5":"has-post-thumbnail","7":"category-camp-de-turia","8":"category-leliana","9":"category-ocio-y-cultura","10":"category-seccion"},"_links":{"self":[{"href":"https:\/\/www.tucomarca.com\/wordpress\/segunda\/wp-json\/wp\/v2\/posts\/57015","targetHints":{"allow":["GET"]}}],"collection":[{"href":"https:\/\/www.tucomarca.com\/wordpress\/segunda\/wp-json\/wp\/v2\/posts"}],"about":[{"href":"https:\/\/www.tucomarca.com\/wordpress\/segunda\/wp-json\/wp\/v2\/types\/post"}],"author":[{"embeddable":true,"href":"https:\/\/www.tucomarca.com\/wordpress\/segunda\/wp-json\/wp\/v2\/users\/1"}],"replies":[{"embeddable":true,"href":"https:\/\/www.tucomarca.com\/wordpress\/segunda\/wp-json\/wp\/v2\/comments?post=57015"}],"version-history":[{"count":0,"href":"https:\/\/www.tucomarca.com\/wordpress\/segunda\/wp-json\/wp\/v2\/posts\/57015\/revisions"}],"wp:featuredmedia":[{"embeddable":true,"href":"https:\/\/www.tucomarca.com\/wordpress\/segunda\/wp-json\/wp\/v2\/media\/57016"}],"wp:attachment":[{"href":"https:\/\/www.tucomarca.com\/wordpress\/segunda\/wp-json\/wp\/v2\/media?parent=57015"}],"wp:term":[{"taxonomy":"category","embeddable":true,"href":"https:\/\/www.tucomarca.com\/wordpress\/segunda\/wp-json\/wp\/v2\/categories?post=57015"},{"taxonomy":"post_tag","embeddable":true,"href":"https:\/\/www.tucomarca.com\/wordpress\/segunda\/wp-json\/wp\/v2\/tags?post=57015"}],"curies":[{"name":"wp","href":"https:\/\/api.w.org\/{rel}","templated":true}]}}