{"id":5706,"date":"2012-07-20T22:19:40","date_gmt":"2012-07-20T20:19:40","guid":{"rendered":"http:\/\/www.tucomarca.com\/wordpress\/segunda\/?p=5706"},"modified":"2012-07-20T22:22:54","modified_gmt":"2012-07-20T20:22:54","slug":"consternacion-en-bunol-por-el-fallecimiento-del-presidente-comarcal-de-la-federacion-de-bandas","status":"publish","type":"post","link":"https:\/\/www.tucomarca.com\/wordpress\/segunda\/consternacion-en-bunol-por-el-fallecimiento-del-presidente-comarcal-de-la-federacion-de-bandas\/","title":{"rendered":"Consternaci\u00f3n en Bu\u00f1ol por el fallecimiento del presidente comarcal de la Federaci\u00f3n de Bandas"},"content":{"rendered":"<p>Un sentimiento de consternaci\u00f3n se ha generalizado en Bu\u00f1ol al conocer la noticia del fallecimiento del presidente comarcal de la Federaci\u00f3n de Sociedades Musicales en la comarca, Rafael Bad\u00eda, que se ha producido este viernes, tras el atropello que sufri\u00f3 d\u00edas atr\u00e1s y del que no ha podido recuperarse.<\/p>\n<p>La Sociedad Musical \u00abLa Art\u00edstica\u00bb de Bu\u00f1ol, entidad a la que durante toda su vida ha pertenecido Rafa Bad\u00eda, ha informado a trav\u00e9s de su presidente, Guillermo Ayter, que tiene previsto acompa\u00f1ar con la banda sinf\u00f3nica de la sociedad el f\u00e9retro desde la puerta de la entidad social, Rosales, hasta el final del duelo; un sepelio cuyo inicio est\u00e1 previsto para este domingo a partir de las once menos cuarto de la ma\u00f1ana desde el tanatorio La Paz (ubicado en Las Ventas).<\/p>\n<p>Desde la sociedad han transmitido su m\u00e1s sentido p\u00e9same por la p\u00e9rdida del presidente comarcal, muy ligado durante toda su vida como m\u00fasico y directivo a la sociedad, sentimiento al que desde la redacci\u00f3n de <strong>tucomarca.com<\/strong> tambi\u00e9n nos queremos sumar. Descanse en paz.<\/p>\n","protected":false},"excerpt":{"rendered":"<div class=\"mh-excerpt\">Un sentimiento de consternaci\u00f3n se ha generalizado en Bu\u00f1ol al conocer la noticia del fallecimiento del presidente comarcal de la Federaci\u00f3n de Sociedades Musicales en la comarca, Rafael Bad\u00eda, que se ha producido este viernes, <a class=\"mh-excerpt-more\" href=\"https:\/\/www.tucomarca.com\/wordpress\/segunda\/consternacion-en-bunol-por-el-fallecimiento-del-presidente-comarcal-de-la-federacion-de-bandas\/\" title=\"Consternaci\u00f3n en Bu\u00f1ol por el fallecimiento del presidente comarcal de la Federaci\u00f3n de Bandas\">[+] <\/a><\/div>\n","protected":false},"author":1,"featured_media":0,"comment_status":"open","ping_status":"open","sticky":false,"template":"","format":"standard","meta":{"footnotes":""},"categories":[18,66,10,7,3],"tags":[],"class_list":{"0":"post-5706","1":"post","2":"type-post","3":"status-publish","4":"format-standard","6":"category-bunol","7":"category-musica","8":"category-la-hoya","9":"category-ocio-y-cultura","10":"category-seccion"},"_links":{"self":[{"href":"https:\/\/www.tucomarca.com\/wordpress\/segunda\/wp-json\/wp\/v2\/posts\/5706","targetHints":{"allow":["GET"]}}],"collection":[{"href":"https:\/\/www.tucomarca.com\/wordpress\/segunda\/wp-json\/wp\/v2\/posts"}],"about":[{"href":"https:\/\/www.tucomarca.com\/wordpress\/segunda\/wp-json\/wp\/v2\/types\/post"}],"author":[{"embeddable":true,"href":"https:\/\/www.tucomarca.com\/wordpress\/segunda\/wp-json\/wp\/v2\/users\/1"}],"replies":[{"embeddable":true,"href":"https:\/\/www.tucomarca.com\/wordpress\/segunda\/wp-json\/wp\/v2\/comments?post=5706"}],"version-history":[{"count":0,"href":"https:\/\/www.tucomarca.com\/wordpress\/segunda\/wp-json\/wp\/v2\/posts\/5706\/revisions"}],"wp:attachment":[{"href":"https:\/\/www.tucomarca.com\/wordpress\/segunda\/wp-json\/wp\/v2\/media?parent=5706"}],"wp:term":[{"taxonomy":"category","embeddable":true,"href":"https:\/\/www.tucomarca.com\/wordpress\/segunda\/wp-json\/wp\/v2\/categories?post=5706"},{"taxonomy":"post_tag","embeddable":true,"href":"https:\/\/www.tucomarca.com\/wordpress\/segunda\/wp-json\/wp\/v2\/tags?post=5706"}],"curies":[{"name":"wp","href":"https:\/\/api.w.org\/{rel}","templated":true}]}}