{"id":57065,"date":"2017-05-31T15:06:59","date_gmt":"2017-05-31T13:06:59","guid":{"rendered":"http:\/\/www.tucomarca.com\/wordpress\/segunda\/?p=57065"},"modified":"2017-05-31T15:06:59","modified_gmt":"2017-05-31T13:06:59","slug":"contelles-la-sociedad-y-los-tribunales-rechazan-el-chantaje-linguistico-a-las-familias-que-solo-puig-y-oltra-avalan","status":"publish","type":"post","link":"https:\/\/www.tucomarca.com\/wordpress\/segunda\/contelles-la-sociedad-y-los-tribunales-rechazan-el-chantaje-linguistico-a-las-familias-que-solo-puig-y-oltra-avalan\/","title":{"rendered":"Contelles: \u201cLa sociedad y los tribunales rechazan el chantaje ling\u00fc\u00edstico a las familias que s\u00f3lo Puig y Oltra avalan\u201d"},"content":{"rendered":"<p>La portavoz del Partido Popular en la Diputaci\u00f3n de Valencia, Mari Carmen Contelles, ha asegurado que \u201cla sociedad y los tribunales rechazan el chantaje ling\u00fc\u00edstico del Consell a las familias que s\u00f3lo Ximo Puig y M\u00f3nica Oltra avalan\u201d.<\/p>\n<p>Mari Carmen Contelles ha realizado estas declaraciones durante un acto con afiliados y simpatizantes del PP de la comarca de Requena-Utiel, celebrado en Utiel, en referencia a la suspensi\u00f3n cautelar del decreto de pluriling\u00fcismo del Consell por parte del Tribunal Superior de Justicia de la Comunitat Valenciana. En el encuentro han participado tambi\u00e9n los diputados provinciales Javier Berasaluce y Enrique Ort\u00ed, el presidente provincial del PP, Vicente Betoret, y la portavoz adjunta del Grupo Popular en les Corts Valencianes Mar\u00eda Jos\u00e9 Catal\u00e0, entre otros.<\/p>\n<p>Durante la reuni\u00f3n se ha puesto de manifiesto el malestar existente con la pol\u00edtica ling\u00fc\u00edstica y educativa del Consell. \u201cCompartimos la preocupaci\u00f3n de los ciudadanos ante el sectarismo, el adoctrinamiento y la utilizaci\u00f3n de una materia tan sensible como es la educaci\u00f3n para hacer pol\u00edtica. Eso es lo que est\u00e1 haciendo Vicent Marz\u00e0 con la cobertura de Oltra y Puig\u201d, ha asegurado\u00a0Contelles.<\/p>\n<p>\u201cSimplemente reclamamos libertad educativa e igualdad de oportunidades \u2014ha destacado\u2014. Decimos s\u00ed a la ense\u00f1anza en valenciano, pero no a la imposici\u00f3n. Todos los alumnos, estudien donde estudien y en la lengua que elijan deben tener las mismas oportunidades para aprender y certificar un tercer idioma\u201d<\/p>\n<p>\u201cLibertad tambi\u00e9n para que los padres puedan elegir el centro al que llevan a sus hijos y el modelo de educaci\u00f3n que quieren para ellos. En el PP estamos a favor de la ense\u00f1anza p\u00fablica, de la concertada y de la privada. Cada persona es libre de escoger la que crea m\u00e1s conveniente\u201d, ha recalcado.<\/p>\n<p>Mari Carmen Contelles ha lamentado las palabras del presidente de la Diputaci\u00f3n de Valencia, Jorge Rodr\u00edguez, criticando al presidente de la Diputaci\u00f3n de Alicante, C\u00e9sar S\u00e1nchez, por el recurso presentado contra el decreto de &#8216;chantaje ling\u00fc\u00edstico&#8217;: \u201cMientras C\u00e9sar S\u00e1nchez se sit\u00faa en la defensa de la libertad y los derechos de las personas, Jorge Rodr\u00edguez se alinea con quienes entienden la educaci\u00f3n como un instrumento de adoctrinamiento y un medio para implantar el modelo de inmersi\u00f3n ling\u00fc\u00edstica catalanista\u201d.<\/p>\n<p>\u201cLas palabras de Rodr\u00edguez s\u00f3lo se entienden en clave de tener que contentar a quienes le mantienen en el cargo. Est\u00e1 en manos de sus socios radicales y carece de autonom\u00eda\u201d, ha subrayado. \u201cEl \u00fanico frentista aqu\u00ed es el Consell con la complicidad del gobierno de la Diputaci\u00f3n de Valencia, dividiendo y enfrentando a la sociedad valenciana\u201d.<\/p>\n<p>Mari Carmen Contelles ha insistido en que el PP \u201cno est\u00e1 contra el valenciano, todo lo contrario, siempre hemos defendido nuestra lengua cuando hemos gobernado. Pero aqu\u00ed de lo que se est\u00e1 hablando es de libertad, de la libertad de las familias para elegir la lengua en la que quieren escolarizar a sus hijos, el modelo educativo. Porque cada decisi\u00f3n que toman Oltra y Puig no es otra cosa que un paso m\u00e1s en el recorte de derechos de los valencianos, y ah\u00ed siempre nos encontrar\u00e1n enfrente\u201d.<\/p>\n","protected":false},"excerpt":{"rendered":"<div class=\"mh-excerpt\">La portavoz del Partido Popular en la Diputaci\u00f3n de Valencia, Mari Carmen Contelles, ha asegurado que \u201cla sociedad y los tribunales rechazan el chantaje ling\u00fc\u00edstico del Consell a las familias que s\u00f3lo Ximo Puig y <a class=\"mh-excerpt-more\" href=\"https:\/\/www.tucomarca.com\/wordpress\/segunda\/contelles-la-sociedad-y-los-tribunales-rechazan-el-chantaje-linguistico-a-las-familias-que-solo-puig-y-oltra-avalan\/\" title=\"Contelles: \u201cLa sociedad y los tribunales rechazan el chantaje ling\u00fc\u00edstico a las familias que s\u00f3lo Puig y Oltra avalan\u201d\">[+] <\/a><\/div>\n","protected":false},"author":1,"featured_media":51347,"comment_status":"open","ping_status":"open","sticky":false,"template":"","format":"standard","meta":{"footnotes":""},"categories":[8,142,28,27,3,29],"tags":[1998,10387],"class_list":{"0":"post-57065","1":"post","2":"type-post","3":"status-publish","4":"format-standard","5":"has-post-thumbnail","7":"category-la-comarca","8":"category-politica-la-comarca","9":"category-requena","10":"category-requena-utiel","11":"category-seccion","12":"category-utiel","13":"tag-contelles","14":"tag-requena-utiel"},"_links":{"self":[{"href":"https:\/\/www.tucomarca.com\/wordpress\/segunda\/wp-json\/wp\/v2\/posts\/57065","targetHints":{"allow":["GET"]}}],"collection":[{"href":"https:\/\/www.tucomarca.com\/wordpress\/segunda\/wp-json\/wp\/v2\/posts"}],"about":[{"href":"https:\/\/www.tucomarca.com\/wordpress\/segunda\/wp-json\/wp\/v2\/types\/post"}],"author":[{"embeddable":true,"href":"https:\/\/www.tucomarca.com\/wordpress\/segunda\/wp-json\/wp\/v2\/users\/1"}],"replies":[{"embeddable":true,"href":"https:\/\/www.tucomarca.com\/wordpress\/segunda\/wp-json\/wp\/v2\/comments?post=57065"}],"version-history":[{"count":0,"href":"https:\/\/www.tucomarca.com\/wordpress\/segunda\/wp-json\/wp\/v2\/posts\/57065\/revisions"}],"wp:featuredmedia":[{"embeddable":true,"href":"https:\/\/www.tucomarca.com\/wordpress\/segunda\/wp-json\/wp\/v2\/media\/51347"}],"wp:attachment":[{"href":"https:\/\/www.tucomarca.com\/wordpress\/segunda\/wp-json\/wp\/v2\/media?parent=57065"}],"wp:term":[{"taxonomy":"category","embeddable":true,"href":"https:\/\/www.tucomarca.com\/wordpress\/segunda\/wp-json\/wp\/v2\/categories?post=57065"},{"taxonomy":"post_tag","embeddable":true,"href":"https:\/\/www.tucomarca.com\/wordpress\/segunda\/wp-json\/wp\/v2\/tags?post=57065"}],"curies":[{"name":"wp","href":"https:\/\/api.w.org\/{rel}","templated":true}]}}