{"id":57071,"date":"2017-05-31T15:07:49","date_gmt":"2017-05-31T13:07:49","guid":{"rendered":"http:\/\/www.tucomarca.com\/wordpress\/segunda\/?p=57071"},"modified":"2017-05-31T15:07:49","modified_gmt":"2017-05-31T13:07:49","slug":"el-club-de-gimnastica-ritmica-de-lliria-comparteix-amb-la-diputacio-la-seua-medalla-de-bronze-en-la-copa-de-la-reina","status":"publish","type":"post","link":"https:\/\/www.tucomarca.com\/wordpress\/segunda\/el-club-de-gimnastica-ritmica-de-lliria-comparteix-amb-la-diputacio-la-seua-medalla-de-bronze-en-la-copa-de-la-reina\/","title":{"rendered":"El Club de Gimn\u00e0stica R\u00edtmica de Ll\u00edria comparteix amb la Diputaci\u00f3 la seua medalla de bronze en la Copa de la Reina"},"content":{"rendered":"<figure id=\"attachment_57072\" aria-describedby=\"caption-attachment-57072\" style=\"width: 1024px\" class=\"wp-caption alignleft\"><a href=\"https:\/\/www.tucomarca.com\/wordpress\/segunda\/wp-content\/uploads\/2017\/05\/LliriaGimnasia.jpg\"><img loading=\"lazy\" decoding=\"async\" class=\"size-large wp-image-57072\" src=\"https:\/\/www.tucomarca.com\/wordpress\/segunda\/wp-content\/uploads\/2017\/05\/LliriaGimnasia-1024x574.jpg\" alt=\"La diputada Isabel Garc\u00eda amb el Club de Gimn\u00e0stica R\u00edtmica de Ll\u00edria.\" width=\"1024\" height=\"574\" srcset=\"https:\/\/www.tucomarca.com\/wordpress\/segunda\/wp-content\/uploads\/2017\/05\/LliriaGimnasia-1024x574.jpg 1024w, https:\/\/www.tucomarca.com\/wordpress\/segunda\/wp-content\/uploads\/2017\/05\/LliriaGimnasia-300x168.jpg 300w, https:\/\/www.tucomarca.com\/wordpress\/segunda\/wp-content\/uploads\/2017\/05\/LliriaGimnasia-768x430.jpg 768w\" sizes=\"auto, (max-width: 1024px) 100vw, 1024px\" \/><\/a><figcaption id=\"caption-attachment-57072\" class=\"wp-caption-text\">La diputada Isabel Garc\u00eda amb el Club de Gimn\u00e0stica R\u00edtmica de Ll\u00edria.<\/figcaption><\/figure>\n<p>La diputada d&#8217;Esports, Igualtat i Joventut, Isabel Garc\u00eda, ha rebut en la seu de la instituci\u00f3 provincial al Club de Gimn\u00e0stica R\u00edtmica de Ll\u00edria amb motiu del gran resultat obtingut per l&#8217;equip en la Copa de la Reina, en la qual la formaci\u00f3 en categoria absoluta ha obtingut la medalla de bronze.<\/p>\n<p>\u201cLa Diputaci\u00f3 est\u00e0 al costat de l&#8217;esport, recolzant-ho i assistint a les formacions valencianes en la mesura de les nostres possibilitats, tamb\u00e9 a la Gimn\u00e0stica R\u00edtmica i a l&#8217;esport femen\u00ed\u201d, ha assegurat Isabel Garc\u00eda. El Club de Ll\u00edria compta amb una subvenci\u00f3 de la instituci\u00f3 provincial de 12.000 euros a trav\u00e9s de la l\u00ednia destinada a formacions d&#8217;elit.<\/p>\n<p>\u201cGr\u00e0cies a ajudes com la de la Diputaci\u00f3 i la del Consistori l&#8217;equip pot estar on est\u00e0\u201d, ha assenyalat M\u00f3nica Castellano, entrenadora de la composici\u00f3. \u201cS&#8217;aposta per l&#8217;esport femen\u00ed, tamb\u00e9 des de l&#8217;ajuntament, a un equip mod\u00e8lic caracteritzat per l&#8217;excel\u00b7l\u00e8ncia en el seu treball\u201d, ha destacat per la seua banda el regidor d&#8217;Esports del municipi, Pedro Vicente.<\/p>\n<p>El club va n\u00e0ixer en els anys 90 despr\u00e9s d&#8217;uns primers passos en els quals es va instaurar la pr\u00e0ctica d&#8217;aquest esport com activitat complement\u00e0ria a les tasques escolars. Els primers \u00e8xits van arribar en 2002 amb la participaci\u00f3 de l&#8217;equip en la Final del Campionat d&#8217;Espanya, la qual cosa va suposar un abans i un despr\u00e9s en la traject\u00f2ria del club.<\/p>\n<p>Des d\u2019aleshores, no ha deixat de participar en aquesta competici\u00f3, lluitant sempre per l&#8217;obtenci\u00f3 de medalles. De fet, segons ha destacat el president del club, Jos\u00e9 Castellano, des de 2008 s&#8217;ha aconseguit fer podi en tots els Campionats d&#8217;Espanya, una fita que mostra l&#8217;alt nivell de competici\u00f3 al que les components de l&#8217;equip estan habituades.<\/p>\n<p>Un esport, que com ha comentat la gimnasta de l&#8217;equip, Sonia Vercher, suposa un gran esfor\u00e7 de preparaci\u00f3 i moltes ren\u00fancies, com les eixides amb amics, els viatges i altres activitats: \u201c\u00c9s una gran satisfacci\u00f3 haver aconseguit aquesta medalla, perqu\u00e8 ens retorna la confian\u00e7a que de vegades per la pressi\u00f3 puguem perdre en els entrenaments\u201d, ha indicat.<\/p>\n<p>Tres hores di\u00e0ries de preparaci\u00f3, a les quals s&#8217;uneixen estudis i temps de despla\u00e7ament al centre, especialment per a les gimnastes que viuen fora. Malgrat a\u00e7\u00f2, resultats com aquest, en paraules de les components de l&#8217;equip, els compensa tot l&#8217;esfor\u00e7. Un altre dels triomfs m\u00e9s destacats del club \u00e9s la seua proclamaci\u00f3 com a Campi\u00f3 d&#8217;Espanya en nivell 1\u00aa Categoria Nacional Absolut, t\u00edtol que encara hui conserva i que defensar\u00e0 en les pr\u00f2ximes competicions.<\/p>\n","protected":false},"excerpt":{"rendered":"<div class=\"mh-excerpt\">La diputada d&#8217;Esports, Igualtat i Joventut, Isabel Garc\u00eda, ha rebut en la seu de la instituci\u00f3 provincial al Club de Gimn\u00e0stica R\u00edtmica de Ll\u00edria amb motiu del gran resultat obtingut per l&#8217;equip en la Copa <a class=\"mh-excerpt-more\" href=\"https:\/\/www.tucomarca.com\/wordpress\/segunda\/el-club-de-gimnastica-ritmica-de-lliria-comparteix-amb-la-diputacio-la-seua-medalla-de-bronze-en-la-copa-de-la-reina\/\" title=\"El Club de Gimn\u00e0stica R\u00edtmica de Ll\u00edria comparteix amb la Diputaci\u00f3 la seua medalla de bronze en la Copa de la Reina\">[+] <\/a><\/div>\n","protected":false},"author":1,"featured_media":57072,"comment_status":"open","ping_status":"open","sticky":false,"template":"","format":"standard","meta":{"footnotes":""},"categories":[46,6,47,199,3,45],"tags":[10395,204,10396],"class_list":{"0":"post-57071","1":"post","2":"type-post","3":"status-publish","4":"format-standard","5":"has-post-thumbnail","7":"category-camp-de-turia","8":"category-deportes","9":"category-lliria","10":"category-polideportivo","11":"category-seccion","12":"category-ventana","13":"tag-camp-de-turia","14":"tag-diputacion","15":"tag-lliria"},"_links":{"self":[{"href":"https:\/\/www.tucomarca.com\/wordpress\/segunda\/wp-json\/wp\/v2\/posts\/57071","targetHints":{"allow":["GET"]}}],"collection":[{"href":"https:\/\/www.tucomarca.com\/wordpress\/segunda\/wp-json\/wp\/v2\/posts"}],"about":[{"href":"https:\/\/www.tucomarca.com\/wordpress\/segunda\/wp-json\/wp\/v2\/types\/post"}],"author":[{"embeddable":true,"href":"https:\/\/www.tucomarca.com\/wordpress\/segunda\/wp-json\/wp\/v2\/users\/1"}],"replies":[{"embeddable":true,"href":"https:\/\/www.tucomarca.com\/wordpress\/segunda\/wp-json\/wp\/v2\/comments?post=57071"}],"version-history":[{"count":0,"href":"https:\/\/www.tucomarca.com\/wordpress\/segunda\/wp-json\/wp\/v2\/posts\/57071\/revisions"}],"wp:featuredmedia":[{"embeddable":true,"href":"https:\/\/www.tucomarca.com\/wordpress\/segunda\/wp-json\/wp\/v2\/media\/57072"}],"wp:attachment":[{"href":"https:\/\/www.tucomarca.com\/wordpress\/segunda\/wp-json\/wp\/v2\/media?parent=57071"}],"wp:term":[{"taxonomy":"category","embeddable":true,"href":"https:\/\/www.tucomarca.com\/wordpress\/segunda\/wp-json\/wp\/v2\/categories?post=57071"},{"taxonomy":"post_tag","embeddable":true,"href":"https:\/\/www.tucomarca.com\/wordpress\/segunda\/wp-json\/wp\/v2\/tags?post=57071"}],"curies":[{"name":"wp","href":"https:\/\/api.w.org\/{rel}","templated":true}]}}