{"id":5710,"date":"2012-07-21T23:51:57","date_gmt":"2012-07-21T21:51:57","guid":{"rendered":"http:\/\/www.tucomarca.com\/wordpress\/segunda\/?p=5710"},"modified":"2012-07-22T18:21:00","modified_gmt":"2012-07-22T16:21:00","slug":"%c2%abla-turisense%c2%bb-de-turis-gana-el-certamen-de-bandas-de-valencia-en-la-seccion-primera","status":"publish","type":"post","link":"https:\/\/www.tucomarca.com\/wordpress\/segunda\/%c2%abla-turisense%c2%bb-de-turis-gana-el-certamen-de-bandas-de-valencia-en-la-seccion-primera\/","title":{"rendered":"\u00abLa Turisense\u00bb de Tur\u00eds gana el certamen de bandas de Valencia en la Secci\u00f3n Primera"},"content":{"rendered":"<p>La Sociedad Musica \u00abTurisense\u00bb de Tur\u00eds se ha alzado con el primer premio en la Secci\u00f3n Primera del Certamen Internacional de Bandas de M\u00fasica, Ciudad de Valencia, desarrollado durante la jornada de este s\u00e1bado en el Palau de la M\u00fasica de la ciudad del T\u00faria.<\/p>\n<p>Los 377,5\u00a0 puntos otorgados por el jurado la han hecho meredecora del primer premio; mientras que el segundo premio ha reca\u00eddo en la Banda Art\u00edstica de Merza (Pontevedra), que ha cosechado 355,5 puntos; mientras que el tercer premio ha sido para la Banda Sinf\u00f3nica Circulo Cat\u00f3lico de Torrent, que ha obtenido 344 puntos.<\/p>\n<p>&nbsp;<\/p>\n<p>M\u00e1s informaci\u00f3n y fotos, en la edici\u00f3n impresa de <strong>tucomarca.com<\/strong> de esta semana (n\u00ba 459), a partir del jueves para La Hoya de Bu\u00f1ol-Chiva y comarcas lim\u00edtrofes.<\/p>\n<p>&nbsp;<\/p>\n","protected":false},"excerpt":{"rendered":"<div class=\"mh-excerpt\">La Sociedad Musica \u00abTurisense\u00bb de Tur\u00eds se ha alzado con el primer premio en la Secci\u00f3n Primera del Certamen Internacional de Bandas de M\u00fasica, Ciudad de Valencia, desarrollado durante la jornada de este s\u00e1bado en <a class=\"mh-excerpt-more\" href=\"https:\/\/www.tucomarca.com\/wordpress\/segunda\/%c2%abla-turisense%c2%bb-de-turis-gana-el-certamen-de-bandas-de-valencia-en-la-seccion-primera\/\" title=\"\u00abLa Turisense\u00bb de Tur\u00eds gana el certamen de bandas de Valencia en la Secci\u00f3n Primera\">[+] <\/a><\/div>\n","protected":false},"author":1,"featured_media":5718,"comment_status":"open","ping_status":"open","sticky":false,"template":"","format":"standard","meta":{"footnotes":""},"categories":[66,42,7,3,43,45],"tags":[],"class_list":{"0":"post-5710","1":"post","2":"type-post","3":"status-publish","4":"format-standard","5":"has-post-thumbnail","7":"category-musica","8":"category-la-ribera","9":"category-ocio-y-cultura","10":"category-seccion","11":"category-turis","12":"category-ventana"},"_links":{"self":[{"href":"https:\/\/www.tucomarca.com\/wordpress\/segunda\/wp-json\/wp\/v2\/posts\/5710","targetHints":{"allow":["GET"]}}],"collection":[{"href":"https:\/\/www.tucomarca.com\/wordpress\/segunda\/wp-json\/wp\/v2\/posts"}],"about":[{"href":"https:\/\/www.tucomarca.com\/wordpress\/segunda\/wp-json\/wp\/v2\/types\/post"}],"author":[{"embeddable":true,"href":"https:\/\/www.tucomarca.com\/wordpress\/segunda\/wp-json\/wp\/v2\/users\/1"}],"replies":[{"embeddable":true,"href":"https:\/\/www.tucomarca.com\/wordpress\/segunda\/wp-json\/wp\/v2\/comments?post=5710"}],"version-history":[{"count":0,"href":"https:\/\/www.tucomarca.com\/wordpress\/segunda\/wp-json\/wp\/v2\/posts\/5710\/revisions"}],"wp:featuredmedia":[{"embeddable":true,"href":"https:\/\/www.tucomarca.com\/wordpress\/segunda\/wp-json\/wp\/v2\/media\/5718"}],"wp:attachment":[{"href":"https:\/\/www.tucomarca.com\/wordpress\/segunda\/wp-json\/wp\/v2\/media?parent=5710"}],"wp:term":[{"taxonomy":"category","embeddable":true,"href":"https:\/\/www.tucomarca.com\/wordpress\/segunda\/wp-json\/wp\/v2\/categories?post=5710"},{"taxonomy":"post_tag","embeddable":true,"href":"https:\/\/www.tucomarca.com\/wordpress\/segunda\/wp-json\/wp\/v2\/tags?post=5710"}],"curies":[{"name":"wp","href":"https:\/\/api.w.org\/{rel}","templated":true}]}}