{"id":57175,"date":"2017-06-06T19:45:09","date_gmt":"2017-06-06T17:45:09","guid":{"rendered":"http:\/\/www.tucomarca.com\/wordpress\/segunda\/?p=57175"},"modified":"2017-06-06T19:45:09","modified_gmt":"2017-06-06T17:45:09","slug":"homenaje-en-bunol-este-sabado-a-todos-los-vecinos-fallecidos-con-motivo-de-la-guerra-civil-espanola","status":"publish","type":"post","link":"https:\/\/www.tucomarca.com\/wordpress\/segunda\/homenaje-en-bunol-este-sabado-a-todos-los-vecinos-fallecidos-con-motivo-de-la-guerra-civil-espanola\/","title":{"rendered":"Homenaje en Bu\u00f1ol este s\u00e1bado a todos los vecinos fallecidos con motivo de la Guerra Civil Espa\u00f1ola"},"content":{"rendered":"<figure id=\"attachment_57179\" aria-describedby=\"caption-attachment-57179\" style=\"width: 300px\" class=\"wp-caption alignleft\"><img loading=\"lazy\" decoding=\"async\" class=\"size-medium wp-image-57179\" src=\"https:\/\/www.tucomarca.com\/wordpress\/segunda\/wp-content\/uploads\/2017\/06\/cementerio-300x201.jpg\" alt=\"Este primer acto supondr\u00e1 el pistoletazo de salida a un conjunto de actos, reconocimientos, recuerdos y actividades en torno a la Memoria Hist\u00f3rica de Bu\u00f1ol.\" width=\"300\" height=\"201\" srcset=\"https:\/\/www.tucomarca.com\/wordpress\/segunda\/wp-content\/uploads\/2017\/06\/cementerio-300x201.jpg 300w, https:\/\/www.tucomarca.com\/wordpress\/segunda\/wp-content\/uploads\/2017\/06\/cementerio-768x514.jpg 768w, https:\/\/www.tucomarca.com\/wordpress\/segunda\/wp-content\/uploads\/2017\/06\/cementerio.jpg 850w\" sizes=\"auto, (max-width: 300px) 100vw, 300px\" \/><figcaption id=\"caption-attachment-57179\" class=\"wp-caption-text\"><em>Este primer acto supondr\u00e1 el pistoletazo de salida a un conjunto de actos, reconocimientos, recuerdos y actividades en torno a la Memoria Hist\u00f3rica de Bu\u00f1ol.<\/em><\/figcaption><\/figure>\n<p><strong>Este s\u00e1bado 10 de junio se descubrir\u00e1 una placa conmemorativa con la inscripci\u00f3n de los nombres de todos los que murieron en el frente de guerra, en el bombardeo del pueblo, en campos de concentraci\u00f3n alemanes o fusilados al finalizar la contienda.<\/strong><\/p>\n<p>Rafael P\u00e9rez, alcalde de Bu\u00f1ol y toda la corporaci\u00f3n municipal, han invitado a toda la ciudadan\u00eda al homenaje a la memoria hist\u00f3rica en el Cementerio Municipal, que tendr\u00e1 lugar este s\u00e1bado 10 de junio, a las 12h. Este acto supone, \u201cel principio de muchas actividades relacionadas con el recuerdo a todos los que lucharon por defender sus ideas y que una gran parte de los vecinos de la localidad desconocen\u201d, ha defendido el primer edil bu\u00f1olense.<\/p>\n<p>\u201cRecordando nuestra historia m\u00e1s inmediata de manos de los verdaderos protagonistas podemos conocer mejor nuestra cultura, nuestras gentes, nuestra historia y as\u00ed afrontar el futuro con mayor amplitud de miras\u201d, ha destacado el alcalde del municipio. Ha reconocido que este primer acto supondr\u00e1 el pistoletazo de salida a un conjunto de actos, reconocimientos, recuerdos y actividades en torno a la Memoria Hist\u00f3rica de nuestro pueblo, de nuestras gentes y de sus familiares. P\u00e9rez ha manifestado su orgullo por poder albergar este acto de recuerdo y homenaje a las v\u00edctimas de la Guerra Civil, \u201cporque entend\u00edamos que era algo necesario para nuestro pueblo, y fruto del acuerdo de todos los concejales del Ayuntamiento y de la informaci\u00f3n facilitada por numerosos vecinos de Bu\u00f1ol, se va a poder realizar este sentido homenaje\u201d.<\/p>\n<p>El reconocimiento p\u00fablico forma parte de la Memoria Hist\u00f3rica y cuyo homenaje va a consistir en ubicar en el cementerio municipal una placa conmemorativa con la inscripci\u00f3n de los nombres de todos los fallecidos. Desde el Ayuntamiento se ha hecho un listado, una relaci\u00f3n de personas que englobar\u00edan dicho periodo hist\u00f3rico, es decir, fallecidos en el frente de la Guerra, en el bombardeo del pueblo, los fusilados al finalizar la contienda, los muertos en la Guerra o incluso en Campos de Concentraci\u00f3n Alemanes.<\/p>\n<p>El primer edil de la localidad ha sentenciado: \u201cEra una asignatura pendiente de este Ayuntamiento y finalmente podemos materializarlo en este acto de homenaje a todos los dejaron su vida por la defensa de las ideas\u201d.<\/p>\n","protected":false},"excerpt":{"rendered":"<div class=\"mh-excerpt\">Este s\u00e1bado 10 de junio se descubrir\u00e1 una placa conmemorativa con la inscripci\u00f3n de los nombres de todos los que murieron en el frente de guerra, en el bombardeo del pueblo, en campos de concentraci\u00f3n <a class=\"mh-excerpt-more\" href=\"https:\/\/www.tucomarca.com\/wordpress\/segunda\/homenaje-en-bunol-este-sabado-a-todos-los-vecinos-fallecidos-con-motivo-de-la-guerra-civil-espanola\/\" title=\"Homenaje en Bu\u00f1ol este s\u00e1bado a todos los vecinos fallecidos con motivo de la Guerra Civil Espa\u00f1ola\">[+] <\/a><\/div>\n","protected":false},"author":2,"featured_media":57179,"comment_status":"open","ping_status":"open","sticky":false,"template":"","format":"standard","meta":{"footnotes":""},"categories":[18,8,72,10,7,3,45],"tags":[5335,5952,82],"class_list":{"0":"post-57175","1":"post","2":"type-post","3":"status-publish","4":"format-standard","5":"has-post-thumbnail","7":"category-bunol","8":"category-la-comarca","9":"category-sin-categorizar","10":"category-la-hoya","11":"category-ocio-y-cultura","12":"category-seccion","13":"category-ventana","14":"tag-ayuntamiento-de-bunol","15":"tag-la-hoya-de-bunol-chiva","16":"tag-memoria-historica"},"_links":{"self":[{"href":"https:\/\/www.tucomarca.com\/wordpress\/segunda\/wp-json\/wp\/v2\/posts\/57175","targetHints":{"allow":["GET"]}}],"collection":[{"href":"https:\/\/www.tucomarca.com\/wordpress\/segunda\/wp-json\/wp\/v2\/posts"}],"about":[{"href":"https:\/\/www.tucomarca.com\/wordpress\/segunda\/wp-json\/wp\/v2\/types\/post"}],"author":[{"embeddable":true,"href":"https:\/\/www.tucomarca.com\/wordpress\/segunda\/wp-json\/wp\/v2\/users\/2"}],"replies":[{"embeddable":true,"href":"https:\/\/www.tucomarca.com\/wordpress\/segunda\/wp-json\/wp\/v2\/comments?post=57175"}],"version-history":[{"count":0,"href":"https:\/\/www.tucomarca.com\/wordpress\/segunda\/wp-json\/wp\/v2\/posts\/57175\/revisions"}],"wp:featuredmedia":[{"embeddable":true,"href":"https:\/\/www.tucomarca.com\/wordpress\/segunda\/wp-json\/wp\/v2\/media\/57179"}],"wp:attachment":[{"href":"https:\/\/www.tucomarca.com\/wordpress\/segunda\/wp-json\/wp\/v2\/media?parent=57175"}],"wp:term":[{"taxonomy":"category","embeddable":true,"href":"https:\/\/www.tucomarca.com\/wordpress\/segunda\/wp-json\/wp\/v2\/categories?post=57175"},{"taxonomy":"post_tag","embeddable":true,"href":"https:\/\/www.tucomarca.com\/wordpress\/segunda\/wp-json\/wp\/v2\/tags?post=57175"}],"curies":[{"name":"wp","href":"https:\/\/api.w.org\/{rel}","templated":true}]}}