{"id":57192,"date":"2017-06-06T19:50:22","date_gmt":"2017-06-06T17:50:22","guid":{"rendered":"http:\/\/www.tucomarca.com\/wordpress\/segunda\/?p=57192"},"modified":"2017-06-06T19:50:22","modified_gmt":"2017-06-06T17:50:22","slug":"riba-roja-reutilizara-5-millones-de-m3-de-aguas-residuales-para-abastecer-a-800-empresas-regar-campos-y-combatir-los-incendios","status":"publish","type":"post","link":"https:\/\/www.tucomarca.com\/wordpress\/segunda\/riba-roja-reutilizara-5-millones-de-m3-de-aguas-residuales-para-abastecer-a-800-empresas-regar-campos-y-combatir-los-incendios\/","title":{"rendered":"Riba-roja reutilizar\u00e1 5 millones de m3 de aguas residuales para abastecer a 800 empresas, regar campos y combatir los incendios"},"content":{"rendered":"<figure id=\"attachment_57215\" aria-describedby=\"caption-attachment-57215\" style=\"width: 1024px\" class=\"wp-caption alignleft\"><a href=\"https:\/\/www.tucomarca.com\/wordpress\/segunda\/wp-content\/uploads\/2017\/06\/Riba-roja-circular.jpg\"><img loading=\"lazy\" decoding=\"async\" class=\"size-large wp-image-57215\" src=\"https:\/\/www.tucomarca.com\/wordpress\/segunda\/wp-content\/uploads\/2017\/06\/Riba-roja-circular-1024x768.jpg\" alt=\"El ayuntamiento ha presentado el proyecto en la jornada sobre econom\u00eda circular realizada en la localidad.\" width=\"1024\" height=\"768\" srcset=\"https:\/\/www.tucomarca.com\/wordpress\/segunda\/wp-content\/uploads\/2017\/06\/Riba-roja-circular-1024x768.jpg 1024w, https:\/\/www.tucomarca.com\/wordpress\/segunda\/wp-content\/uploads\/2017\/06\/Riba-roja-circular-300x225.jpg 300w, https:\/\/www.tucomarca.com\/wordpress\/segunda\/wp-content\/uploads\/2017\/06\/Riba-roja-circular-768x576.jpg 768w, https:\/\/www.tucomarca.com\/wordpress\/segunda\/wp-content\/uploads\/2017\/06\/Riba-roja-circular.jpg 1600w\" sizes=\"auto, (max-width: 1024px) 100vw, 1024px\" \/><\/a><figcaption id=\"caption-attachment-57215\" class=\"wp-caption-text\">El ayuntamiento ha presentado el proyecto en la jornada sobre econom\u00eda circular realizada en la localidad.<\/figcaption><\/figure>\n<p><b><\/b>El Ayuntamiento de Riba-roja de T\u00faria reutilizar\u00e1 los 5 millones de metros c\u00fabicos de aguas residuales que genera actualmente cada a\u00f1o la localidad para destinarlos a un uso industrial, ambiental y agr\u00edcola con el objetivo de impedir posibles consecuencias sobre el entorno natural m\u00e1s inmediato. El programa prev\u00e9 implantar un sistema transversal para que estas aguas que ser vierten actualmente al r\u00edo T\u00faria se puedan reconducir para beneficiar al sistema productivo.<\/p>\n<p>Este es uno de los proyectos m\u00e1s importantes que se ha presentado esta ma\u00f1ana en el castell de Riba-roja en el marco de la jornada titulada <i>\u00abEconom\u00eda Circular. Par\u00eds 2030. Clave en la Sostenibilidad Local\u00bb,<\/i> organizada por el Ayuntamiento de Riba-roja, la Federaci\u00f3n Espa\u00f1ola de Municipios y Provincias, la Red Espa\u00f1ola de Ciudades por el Clima y la Federaci\u00f3n Valenciana de Municipios y Provincias.<\/p>\n<p>El acto de hoy ha contado con una nutrida representaci\u00f3n institucional, encabezada por el alcalde anfitri\u00f3n de Riba-roja, Robert Raga; el alcalde de Sevilla, Juan Espadas, a la saz\u00f3n presidente de la Red Espa\u00f1ola de Ciudades por el Clima; Francisco Javier M\u00e1rquez, alcalde de Ja\u00e9n; Raquel S\u00e1nchez, alcaldesa de Gav\u00e1; Sandra G\u00f3mez, primera teniente de alcalde del Ayuntamiento de Val\u00e8ncia; la alcaldesa de Benic\u00e0ssim, Susana Marqu\u00e9s; y el alcalde de Vedra, Carlos Mart\u00ednez; as\u00ed como representantes de otros municipios valencianos como Quart de Polet o Benifair\u00f3 de les Valls.<\/p>\n<p>Adem\u00e1s, tambi\u00e9n han participado miembros de la Universitat de Val\u00e8ncia, de la coordinadora en defensa de los bosques del T\u00faria y directivos de numerosas empresas ubicadas en los pol\u00edgonos industriales de Riba-roja.<\/p>\n<p>Uno de los beneficios m\u00e1s importantes de este ambicioso proyecto pasa por reducir dr\u00e1sticamente los costes econ\u00f3micos que suponen al a\u00f1o para el ayuntamiento los vertidos incontrolados de aguas residuales sobre el r\u00edo T\u00faria as\u00ed como dar servicios a sectores tan necesarios como las industrias de los pol\u00edgonos del \u00e1rea sur, los campos agr\u00edcolas del t\u00e9rmino municipal as\u00ed como combatir posibles incendios en el parque de la Vallesa, el parque natural del T\u00faria y el propio r\u00edo.<\/p>\n<p>Las tres depuradoras que operan actualmente se encargan de tratar los 5 millones de metros c\u00fabicos que generan al a\u00f1o las viviendas del casco urbano y de las \u00e1reas residenciales de Riba-roja as\u00ed como las 800 empresas de los pol\u00edgonos industriales de la zona sur, adem\u00e1s, de dar servicio a las vecinas localidades de Vilamarxant, l&#8217;Eliana, la Pobla de Vallbona y San Antonio de Benag\u00e9ber. Su funci\u00f3n futura pasa por la depuraci\u00f3n de las aguas para usarlas, una vez tratadas, en las m\u00e1s de 100 hect\u00e1reas de terrenos agr\u00edcolas adyacentes a la propia depuradora as\u00ed como convertirlas en una herramienta eficaz en la lucha contra los incendios en la Vallesa, un pulm\u00f3n verde del \u00e1rea este.<\/p>\n<p>El equipo de gobierno de Riba-roja pretende implicar en este importante proyecto a las asociaciones empresariales, a las entidades agr\u00edcolas y a los grupos ecologistas del municipio como eje fundamental para garantizar el \u00e9xito del mismo, pionero en el \u00e1mbito de la Comunitat Valenciana por su car\u00e1cter transversal ya que en una misma iniciativa se da servicio a la industria local, a la agricultura ecol\u00f3gica encaminada a servir productos al \u00e1mbito educativo entre otros y, por \u00faltimo, a las m\u00e1s de 800 industrias de los pol\u00edgonos con una reducci\u00f3n notable en costes econ\u00f3micos.<\/p>\n<p>El alcalde de Riba-roja de T\u00faria, Robert Raga, se ha comprometido en la reuni\u00f3n mantenida con los municipios que forman parte de la Red Espa\u00f1ola de Ciudades por el Clima a auspiciar proyectos e iniciativas que <i>\u00abnos permitan cumplir con todas las exigencias que nos hemos marcado de cara a reducir en un 40% las emisiones de di\u00f3xido de carbono hasta el a\u00f1o 2030 en la declaraci\u00f3n de Par\u00eds, por ello es muy importante que entre todos ayudemos a reutilizar los recursos que empleamos a diario en nuestro sistema productivo como \u00fanica opci\u00f3n viable para nuestra supervivencia\u00bb.\u00a0<\/i><\/p>\n<p>La jornada celebrada esta ma\u00f1ana en el castell de Riba-roja ha servido para poner en com\u00fan y divulgar todas aquellas iniciativas y proyectos que las diversas administraciones y entidades p\u00fablicas est\u00e1n llevando a cabo actualmente en su \u00e1mbito de actuaci\u00f3n para reducir el impacto sobre nuestro medio ambiente as\u00ed como saber reutilizar los recursos naturales que se emplean en el tejido empresarial y econ\u00f3mico.<\/p>\n<p>El Ayuntamiento de Riba-roja ha aprovechado la ocasi\u00f3n tambi\u00e9n para adelantar otro proyecto innovador en la localidad como la implantaci\u00f3n de un sistema de recogida de envases ligeros que se incluir\u00eda en el actual sistema de residuos s\u00f3lidos, de forma que con a los actuales dep\u00f3sitos de recogida de restos org\u00e1nicos se a\u00f1adir\u00e1 un segundo contenedor para la recogida y posterior tratamiento de los envases ligeros, entre los que destacan las botellas de pl\u00e1stico, las latas y los brics, los cartones para bebidas y los envases mixtos, entre otros.<\/p>\n","protected":false},"excerpt":{"rendered":"<div class=\"mh-excerpt\">El Ayuntamiento de Riba-roja de T\u00faria reutilizar\u00e1 los 5 millones de metros c\u00fabicos de aguas residuales que genera actualmente cada a\u00f1o la localidad para destinarlos a un uso industrial, ambiental y agr\u00edcola con el objetivo <a class=\"mh-excerpt-more\" href=\"https:\/\/www.tucomarca.com\/wordpress\/segunda\/riba-roja-reutilizara-5-millones-de-m3-de-aguas-residuales-para-abastecer-a-800-empresas-regar-campos-y-combatir-los-incendios\/\" title=\"Riba-roja reutilizar\u00e1 5 millones de m3 de aguas residuales para abastecer a 800 empresas, regar campos y combatir los incendios\">[+] <\/a><\/div>\n","protected":false},"author":1,"featured_media":57215,"comment_status":"open","ping_status":"open","sticky":false,"template":"","format":"standard","meta":{"footnotes":""},"categories":[46,128,8,117,142,182,3,45],"tags":[10395,8900],"class_list":{"0":"post-57192","1":"post","2":"type-post","3":"status-publish","4":"format-standard","5":"has-post-thumbnail","7":"category-camp-de-turia","8":"category-infraestructuras","9":"category-la-comarca","10":"category-medio-ambiente-la-comarca","11":"category-politica-la-comarca","12":"category-riba-roja","13":"category-seccion","14":"category-ventana","15":"tag-camp-de-turia","16":"tag-riba-roja-del-turia"},"_links":{"self":[{"href":"https:\/\/www.tucomarca.com\/wordpress\/segunda\/wp-json\/wp\/v2\/posts\/57192","targetHints":{"allow":["GET"]}}],"collection":[{"href":"https:\/\/www.tucomarca.com\/wordpress\/segunda\/wp-json\/wp\/v2\/posts"}],"about":[{"href":"https:\/\/www.tucomarca.com\/wordpress\/segunda\/wp-json\/wp\/v2\/types\/post"}],"author":[{"embeddable":true,"href":"https:\/\/www.tucomarca.com\/wordpress\/segunda\/wp-json\/wp\/v2\/users\/1"}],"replies":[{"embeddable":true,"href":"https:\/\/www.tucomarca.com\/wordpress\/segunda\/wp-json\/wp\/v2\/comments?post=57192"}],"version-history":[{"count":0,"href":"https:\/\/www.tucomarca.com\/wordpress\/segunda\/wp-json\/wp\/v2\/posts\/57192\/revisions"}],"wp:featuredmedia":[{"embeddable":true,"href":"https:\/\/www.tucomarca.com\/wordpress\/segunda\/wp-json\/wp\/v2\/media\/57215"}],"wp:attachment":[{"href":"https:\/\/www.tucomarca.com\/wordpress\/segunda\/wp-json\/wp\/v2\/media?parent=57192"}],"wp:term":[{"taxonomy":"category","embeddable":true,"href":"https:\/\/www.tucomarca.com\/wordpress\/segunda\/wp-json\/wp\/v2\/categories?post=57192"},{"taxonomy":"post_tag","embeddable":true,"href":"https:\/\/www.tucomarca.com\/wordpress\/segunda\/wp-json\/wp\/v2\/tags?post=57192"}],"curies":[{"name":"wp","href":"https:\/\/api.w.org\/{rel}","templated":true}]}}