{"id":57203,"date":"2017-06-06T19:37:37","date_gmt":"2017-06-06T17:37:37","guid":{"rendered":"http:\/\/www.tucomarca.com\/wordpress\/segunda\/?p=57203"},"modified":"2017-06-06T19:37:37","modified_gmt":"2017-06-06T17:37:37","slug":"el-diputado-provincial-bartolome-nofuentes-participa-como-jurado-en-los-startup-europe-awards-2016","status":"publish","type":"post","link":"https:\/\/www.tucomarca.com\/wordpress\/segunda\/el-diputado-provincial-bartolome-nofuentes-participa-como-jurado-en-los-startup-europe-awards-2016\/","title":{"rendered":"El diputado provincial Bartolom\u00e9 Nofuentes participa como jurado en los Startup Europe Awards 2016"},"content":{"rendered":"<figure id=\"attachment_57204\" aria-describedby=\"caption-attachment-57204\" style=\"width: 1024px\" class=\"wp-caption alignleft\"><a href=\"https:\/\/www.tucomarca.com\/wordpress\/segunda\/wp-content\/uploads\/2017\/06\/BartolomeNofuentes.jpg\"><img loading=\"lazy\" decoding=\"async\" class=\"size-large wp-image-57204\" src=\"https:\/\/www.tucomarca.com\/wordpress\/segunda\/wp-content\/uploads\/2017\/06\/BartolomeNofuentes-1024x683.jpg\" alt=\"Los galardones promovidos por la Comisi\u00f3n Europea reconocen el trabajo de las startups y las Administraciones P\u00fablicas.\" width=\"1024\" height=\"683\" srcset=\"https:\/\/www.tucomarca.com\/wordpress\/segunda\/wp-content\/uploads\/2017\/06\/BartolomeNofuentes-1024x683.jpg 1024w, https:\/\/www.tucomarca.com\/wordpress\/segunda\/wp-content\/uploads\/2017\/06\/BartolomeNofuentes-300x200.jpg 300w, https:\/\/www.tucomarca.com\/wordpress\/segunda\/wp-content\/uploads\/2017\/06\/BartolomeNofuentes-768x512.jpg 768w\" sizes=\"auto, (max-width: 1024px) 100vw, 1024px\" \/><\/a><figcaption id=\"caption-attachment-57204\" class=\"wp-caption-text\">Los galardones promovidos por la Comisi\u00f3n Europea reconocen el trabajo de las startups y las Administraciones P\u00fablicas.<\/figcaption><\/figure>\n<p>El diputado provincial de Proyectos Europeos, Bartolom\u00e9 Nofuentes, ha participado como parte del jurado en la final de los \u201cStartup Europe Awards 2016\u201d, unos galardones que premian el esfuerzo de las startups europeas.<\/p>\n<p>En concreto, Nofuentes ha formado parte del jurado que otorgar\u00e1 el premio a la \u201cMejor Administraci\u00f3n p\u00fablica para startups\u201d, un nuevo reconocimiento con el que se quiere premiar el trabajo de las administraciones p\u00fablicas por crear e integrar programas que impulsen el esp\u00edritu empresarial y la innovaci\u00f3n.<\/p>\n<p>\u201cPara m\u00ed es todo un honor haber sido invitado por la organizaci\u00f3n para formar parte del jurado en un premio de esta relevancia\u201d, asegur\u00f3 el diputado provincial, quien tambi\u00e9n reconoci\u00f3 \u201clo dif\u00edcil que ha sido decantarse y elegir entre proyectos de tanto nivel\u201d.<\/p>\n<p>Promovidos por la Comisi\u00f3n Europea con el apoyo del presidente del Comit\u00e9 de las Regiones, los Startup Europe Awards presentan diez categor\u00edas, Creatividad, Energ\u00eda, \u201cFintech\u201d (uso de la tecnolog\u00eda en temas financieros), Ecolog\u00eda, Salud, ICT, Smart Cities, Social, Turismo y Agua, en cinco \u00e1mbitos, local, comarcal, regional, nacional y europeo.<\/p>\n<p>Los \u201cStartup Europe Awards\u201d son una iniciativa promovida por la Comisi\u00f3n Europea, que cuenta con el apoyo tanto del Presidente del Comit\u00e9 de las Regiones como de numerosos miembros del Parlamento Europeo, y que se llevan a cabo a trav\u00e9s de la Fundaci\u00f3n Finnova en colaboraci\u00f3n con la Startup Europe.<\/p>\n<p>A la ceremonia, que tendr\u00e1 lugar el 7 de junio en el Parlamento Europeo, asistir\u00e1 el Presidente del Parlamento Europeo, Antonio Tajani.<\/p>\n","protected":false},"excerpt":{"rendered":"<div class=\"mh-excerpt\">El diputado provincial de Proyectos Europeos, Bartolom\u00e9 Nofuentes, ha participado como parte del jurado en la final de los \u201cStartup Europe Awards 2016\u201d, unos galardones que premian el esfuerzo de las startups europeas. En concreto, <a class=\"mh-excerpt-more\" href=\"https:\/\/www.tucomarca.com\/wordpress\/segunda\/el-diputado-provincial-bartolome-nofuentes-participa-como-jurado-en-los-startup-europe-awards-2016\/\" title=\"El diputado provincial Bartolom\u00e9 Nofuentes participa como jurado en los Startup Europe Awards 2016\">[+] <\/a><\/div>\n","protected":false},"author":1,"featured_media":57204,"comment_status":"open","ping_status":"open","sticky":false,"template":"","format":"standard","meta":{"footnotes":""},"categories":[128,8,72,142,3,45],"tags":[8699],"class_list":{"0":"post-57203","1":"post","2":"type-post","3":"status-publish","4":"format-standard","5":"has-post-thumbnail","7":"category-infraestructuras","8":"category-la-comarca","9":"category-sin-categorizar","10":"category-politica-la-comarca","11":"category-seccion","12":"category-ventana","13":"tag-bartolome-nofuentes"},"_links":{"self":[{"href":"https:\/\/www.tucomarca.com\/wordpress\/segunda\/wp-json\/wp\/v2\/posts\/57203","targetHints":{"allow":["GET"]}}],"collection":[{"href":"https:\/\/www.tucomarca.com\/wordpress\/segunda\/wp-json\/wp\/v2\/posts"}],"about":[{"href":"https:\/\/www.tucomarca.com\/wordpress\/segunda\/wp-json\/wp\/v2\/types\/post"}],"author":[{"embeddable":true,"href":"https:\/\/www.tucomarca.com\/wordpress\/segunda\/wp-json\/wp\/v2\/users\/1"}],"replies":[{"embeddable":true,"href":"https:\/\/www.tucomarca.com\/wordpress\/segunda\/wp-json\/wp\/v2\/comments?post=57203"}],"version-history":[{"count":0,"href":"https:\/\/www.tucomarca.com\/wordpress\/segunda\/wp-json\/wp\/v2\/posts\/57203\/revisions"}],"wp:featuredmedia":[{"embeddable":true,"href":"https:\/\/www.tucomarca.com\/wordpress\/segunda\/wp-json\/wp\/v2\/media\/57204"}],"wp:attachment":[{"href":"https:\/\/www.tucomarca.com\/wordpress\/segunda\/wp-json\/wp\/v2\/media?parent=57203"}],"wp:term":[{"taxonomy":"category","embeddable":true,"href":"https:\/\/www.tucomarca.com\/wordpress\/segunda\/wp-json\/wp\/v2\/categories?post=57203"},{"taxonomy":"post_tag","embeddable":true,"href":"https:\/\/www.tucomarca.com\/wordpress\/segunda\/wp-json\/wp\/v2\/tags?post=57203"}],"curies":[{"name":"wp","href":"https:\/\/api.w.org\/{rel}","templated":true}]}}