{"id":57208,"date":"2017-06-06T19:22:50","date_gmt":"2017-06-06T17:22:50","guid":{"rendered":"http:\/\/www.tucomarca.com\/wordpress\/segunda\/?p=57208"},"modified":"2017-06-06T19:22:50","modified_gmt":"2017-06-06T17:22:50","slug":"el-ivaj-organiza-cuatro-campos-de-voluntariado-de-proteccion-y-defensa-del-medio-ambiente-en-chera-ibi-enguera-y-xativa","status":"publish","type":"post","link":"https:\/\/www.tucomarca.com\/wordpress\/segunda\/el-ivaj-organiza-cuatro-campos-de-voluntariado-de-proteccion-y-defensa-del-medio-ambiente-en-chera-ibi-enguera-y-xativa\/","title":{"rendered":"El IVAJ organiza cuatro campos de voluntariado de protecci\u00f3n y defensa del medio ambiente en Chera, Ibi, Enguera y X\u00e0tiva"},"content":{"rendered":"<figure id=\"attachment_57210\" aria-describedby=\"caption-attachment-57210\" style=\"width: 1024px\" class=\"wp-caption alignleft\"><a href=\"https:\/\/www.tucomarca.com\/wordpress\/segunda\/wp-content\/uploads\/2017\/06\/CovaNegra.jpg\"><img loading=\"lazy\" decoding=\"async\" class=\"size-large wp-image-57210\" src=\"https:\/\/www.tucomarca.com\/wordpress\/segunda\/wp-content\/uploads\/2017\/06\/CovaNegra-1024x581.jpg\" alt=\"El Institut Valenci\u00e0 de la Joventut (IVAJ), en su apuesta medioambiental, ha organizado para este verano cuatro campos de voluntariado.\" width=\"1024\" height=\"581\" srcset=\"https:\/\/www.tucomarca.com\/wordpress\/segunda\/wp-content\/uploads\/2017\/06\/CovaNegra.jpg 1024w, https:\/\/www.tucomarca.com\/wordpress\/segunda\/wp-content\/uploads\/2017\/06\/CovaNegra-300x170.jpg 300w, https:\/\/www.tucomarca.com\/wordpress\/segunda\/wp-content\/uploads\/2017\/06\/CovaNegra-768x436.jpg 768w\" sizes=\"auto, (max-width: 1024px) 100vw, 1024px\" \/><\/a><figcaption id=\"caption-attachment-57210\" class=\"wp-caption-text\">El Institut Valenci\u00e0 de la Joventut (IVAJ), en su apuesta medioambiental, ha organizado para este verano cuatro campos de voluntariado.<\/figcaption><\/figure>\n<p>El Institut Valenci\u00e0 de la Joventut (IVAJ), en su apuesta medioambiental, ha organizado para este verano cuatro campos de voluntariado: &#8216;Paraje Natural Torretes&#8217;, de Ibi, &#8216;Umbr\u00eda de la Plana&#8217;, en Enguera; &#8216;Parque Natural Sot de Chera&#8217;, en Chera, todos ellos internacionales, y un nuevo campo en el Paraje Natural La Cova Negra, en X\u00e0tiva, dirigido a j\u00f3venes de 18 a 26 a\u00f1os. Estos campos se desarrollan en la Comunitat Valenciana dentro del programa Viu la Solidaritat<\/p>\n<p>El proyecto Paraje Natural de Torretes, en Ibi, tendr\u00e1 lugar del 13 al 27 de julio y se realiza en colaboraci\u00f3n con el Ayuntamientoi. Torretes fue reconocida como Estaci\u00f3n Biol\u00f3gica de Investigaci\u00f3n y como Jard\u00edn Bot\u00e1nico en el a\u00f1o 2012, lo cual permite el desarrollo de planes de investigaci\u00f3n y programas de educaci\u00f3n ambiental espec\u00edficos, as\u00ed como actividades interesantes de difusi\u00f3n y de participaci\u00f3n.<\/p>\n<p>Los trabajos en Torretes consistir\u00e1n en la recuperaci\u00f3n de los senderos ecoeducativos; la adecuaci\u00f3n de los cultivos de arom\u00e1tica; la mejora de m\u00e1rgenes, reparaci\u00f3n de escaleras, se\u00f1alizaci\u00f3n y mejora del camino; as\u00ed como el acondicionamiento de la masa vegetal y arbolada existente; la restauraci\u00f3n y mejora de h\u00e1bitats as\u00ed como la mejora de las diferentes colecciones de flora.<\/p>\n<p>El objetivo general del campo de trabajo medioambiental Umbr\u00eda de la Plana, en Enguera, que se desarrolla del 14 a 28 de julio, es la mejora del sendero PRV 295, que forma parte del paraje natural municipal Fuente de la Mota. En colaboraci\u00f3n con el ayuntamiento de Enguera, este campo internacional contribuye a una mejora paisaj\u00edstica y ambiental que haga que tanto la poblaci\u00f3n local como quienes la visiten tengan una percepci\u00f3n visual positiva del entorno.<\/p>\n<p>El nuevo campo Paraje Natural La Cova Negra, en X\u00e0tiva, del 16 al 30 de julio, consiste en una intervenci\u00f3n para reducir el riesgo de incendios. Se llevar\u00e1n a cabo intervenciones de prevenci\u00f3n y disminuci\u00f3n de riesgo sostenibles medioambientalmente.<\/p>\n<p>En este campo, se formaran grupos de trabajo que rotar\u00e1n entre las diferentes tareas, bajo la supervisi\u00f3n de la brigada forestal de X\u00e0tiva y adem\u00e1s de las tareas medioambientales, se elaborar\u00e1n materiales de difusi\u00f3n de car\u00e1cter educativo y art\u00edstico para dejar constancia de los resultados del trabajo del voluntariado<\/p>\n<p>En el Parque Natural de Chera Sot de Chera, en Chera, el voluntariado internacional desarrollar\u00e1 el proyecto del 1 al 15 de agosto, a fin de colaborar en la mejora de algunas zonas del parque. Los trabajos consistir\u00e1n en un taller de piedra en seco, la recuperaci\u00f3n de muros de cultivos y construcciones tradicionales, el acondicionamiento del barranco de agua as\u00ed como la revisi\u00f3n y colocaci\u00f3n de cajas nido y la revisi\u00f3n de las se\u00f1ales y marcas de las sendas y de las rutas geol\u00f3gicas del Parque Natural. Este proyecto se organiza en colaboraci\u00f3n con el Parque Natural de Chera-Sot de Chera y el Ayuntamiento de Chera.<\/p>\n<p>La Comunitat Valenciana acoger\u00e1 este verano un total de 15 proyectos de campos de voluntariado juvenil en la Comunitat Valenciana, adem\u00e1s de los cuatro medioambientales; siete son de modalidad social y de trabajo con ni\u00f1os: &#8216;Menuts i Grans&#8217;, en Alicante; &#8216;Personas mayores y discapacidad&#8217;, en Benicarl\u00f3, &#8216;Divi\u00e9rtete I&#8217;, en Alcossebre y &#8216;Divi\u00e9rtete II&#8217;, en Alborache, as\u00ed como &#8216;Arte y discapacidad&#8217;, en Val\u00e8ncia, &#8216;Peque\u00f1as Ilusiones&#8217;, en Benic\u00e0ssim, y el nuevo &#8216;An\u00edmate&#8217;, de trabajo con ni\u00f1os, en Alborache.<\/p>\n<p>Asimismo, se ha convocado cuatro campos de voluntariado en la modalidad de arqueolog\u00eda: Banys de la Reina&#8217;, en Calp, &#8216;Villa Romana L&#8217;Albir&#8217;, en l&#8217;Alf\u00e0s del Pi, as\u00ed como dos nuevos proyectos &#8216;El Prado&#8217;, en Viver, y &#8216;La Vila Vella&#8217;, en Castielfabib.<\/p>\n","protected":false},"excerpt":{"rendered":"<div class=\"mh-excerpt\">El Institut Valenci\u00e0 de la Joventut (IVAJ), en su apuesta medioambiental, ha organizado para este verano cuatro campos de voluntariado: &#8216;Paraje Natural Torretes&#8217;, de Ibi, &#8216;Umbr\u00eda de la Plana&#8217;, en Enguera; &#8216;Parque Natural Sot de <a class=\"mh-excerpt-more\" href=\"https:\/\/www.tucomarca.com\/wordpress\/segunda\/el-ivaj-organiza-cuatro-campos-de-voluntariado-de-proteccion-y-defensa-del-medio-ambiente-en-chera-ibi-enguera-y-xativa\/\" title=\"El IVAJ organiza cuatro campos de voluntariado de protecci\u00f3n y defensa del medio ambiente en Chera, Ibi, Enguera y X\u00e0tiva\">[+] <\/a><\/div>\n","protected":false},"author":1,"featured_media":57210,"comment_status":"open","ping_status":"open","sticky":false,"template":"","format":"standard","meta":{"footnotes":""},"categories":[186,8,59,117,3,45],"tags":[],"class_list":{"0":"post-57208","1":"post","2":"type-post","3":"status-publish","4":"format-standard","5":"has-post-thumbnail","7":"category-chera-los-serranos","8":"category-la-comarca","9":"category-los-serranos","10":"category-medio-ambiente-la-comarca","11":"category-seccion","12":"category-ventana"},"_links":{"self":[{"href":"https:\/\/www.tucomarca.com\/wordpress\/segunda\/wp-json\/wp\/v2\/posts\/57208","targetHints":{"allow":["GET"]}}],"collection":[{"href":"https:\/\/www.tucomarca.com\/wordpress\/segunda\/wp-json\/wp\/v2\/posts"}],"about":[{"href":"https:\/\/www.tucomarca.com\/wordpress\/segunda\/wp-json\/wp\/v2\/types\/post"}],"author":[{"embeddable":true,"href":"https:\/\/www.tucomarca.com\/wordpress\/segunda\/wp-json\/wp\/v2\/users\/1"}],"replies":[{"embeddable":true,"href":"https:\/\/www.tucomarca.com\/wordpress\/segunda\/wp-json\/wp\/v2\/comments?post=57208"}],"version-history":[{"count":0,"href":"https:\/\/www.tucomarca.com\/wordpress\/segunda\/wp-json\/wp\/v2\/posts\/57208\/revisions"}],"wp:featuredmedia":[{"embeddable":true,"href":"https:\/\/www.tucomarca.com\/wordpress\/segunda\/wp-json\/wp\/v2\/media\/57210"}],"wp:attachment":[{"href":"https:\/\/www.tucomarca.com\/wordpress\/segunda\/wp-json\/wp\/v2\/media?parent=57208"}],"wp:term":[{"taxonomy":"category","embeddable":true,"href":"https:\/\/www.tucomarca.com\/wordpress\/segunda\/wp-json\/wp\/v2\/categories?post=57208"},{"taxonomy":"post_tag","embeddable":true,"href":"https:\/\/www.tucomarca.com\/wordpress\/segunda\/wp-json\/wp\/v2\/tags?post=57208"}],"curies":[{"name":"wp","href":"https:\/\/api.w.org\/{rel}","templated":true}]}}