{"id":57272,"date":"2017-06-08T21:47:35","date_gmt":"2017-06-08T19:47:35","guid":{"rendered":"http:\/\/www.tucomarca.com\/wordpress\/segunda\/?p=57272"},"modified":"2017-06-08T21:56:08","modified_gmt":"2017-06-08T19:56:08","slug":"video-pleno-extraordinario-de-bunol-sobre-la-solicitud-de-declaracion-de-la-tomatina-como-patrimonio-de-la-humanidad","status":"publish","type":"post","link":"https:\/\/www.tucomarca.com\/wordpress\/segunda\/video-pleno-extraordinario-de-bunol-sobre-la-solicitud-de-declaracion-de-la-tomatina-como-patrimonio-de-la-humanidad\/","title":{"rendered":"V\u00eddeo: pleno extraordinario de Bu\u00f1ol sobre la solicitud de declaraci\u00f3n de La Tomatina como Patrimonio de la Humanidad"},"content":{"rendered":"<p>V\u00eddeo grabaci\u00f3n de la sesi\u00f3n plenaria extraordinaria del Ayuntamiento de Bu\u00f1ol para abordar la solicitud de la fiesta de La Tomatina como Patrimonio Inmaterial de la Humanidad por la Unesco.<\/p>\n","protected":false},"excerpt":{"rendered":"<div class=\"mh-excerpt\">V\u00eddeo grabaci\u00f3n de la sesi\u00f3n plenaria extraordinaria del Ayuntamiento de Bu\u00f1ol para abordar la solicitud de la fiesta de La Tomatina como Patrimonio Inmaterial de la Humanidad por la Unesco.<\/div>\n","protected":false},"author":1,"featured_media":57280,"comment_status":"open","ping_status":"open","sticky":false,"template":"","format":"standard","meta":{"footnotes":""},"categories":[18,8,72,10,3,26],"tags":[5952,584],"class_list":{"0":"post-57272","1":"post","2":"type-post","3":"status-publish","4":"format-standard","5":"has-post-thumbnail","7":"category-bunol","8":"category-la-comarca","9":"category-sin-categorizar","10":"category-la-hoya","11":"category-seccion","12":"category-video","13":"tag-la-hoya-de-bunol-chiva","14":"tag-pleno"},"_links":{"self":[{"href":"https:\/\/www.tucomarca.com\/wordpress\/segunda\/wp-json\/wp\/v2\/posts\/57272","targetHints":{"allow":["GET"]}}],"collection":[{"href":"https:\/\/www.tucomarca.com\/wordpress\/segunda\/wp-json\/wp\/v2\/posts"}],"about":[{"href":"https:\/\/www.tucomarca.com\/wordpress\/segunda\/wp-json\/wp\/v2\/types\/post"}],"author":[{"embeddable":true,"href":"https:\/\/www.tucomarca.com\/wordpress\/segunda\/wp-json\/wp\/v2\/users\/1"}],"replies":[{"embeddable":true,"href":"https:\/\/www.tucomarca.com\/wordpress\/segunda\/wp-json\/wp\/v2\/comments?post=57272"}],"version-history":[{"count":0,"href":"https:\/\/www.tucomarca.com\/wordpress\/segunda\/wp-json\/wp\/v2\/posts\/57272\/revisions"}],"wp:featuredmedia":[{"embeddable":true,"href":"https:\/\/www.tucomarca.com\/wordpress\/segunda\/wp-json\/wp\/v2\/media\/57280"}],"wp:attachment":[{"href":"https:\/\/www.tucomarca.com\/wordpress\/segunda\/wp-json\/wp\/v2\/media?parent=57272"}],"wp:term":[{"taxonomy":"category","embeddable":true,"href":"https:\/\/www.tucomarca.com\/wordpress\/segunda\/wp-json\/wp\/v2\/categories?post=57272"},{"taxonomy":"post_tag","embeddable":true,"href":"https:\/\/www.tucomarca.com\/wordpress\/segunda\/wp-json\/wp\/v2\/tags?post=57272"}],"curies":[{"name":"wp","href":"https:\/\/api.w.org\/{rel}","templated":true}]}}