{"id":57421,"date":"2017-06-15T09:39:56","date_gmt":"2017-06-15T07:39:56","guid":{"rendered":"http:\/\/www.tucomarca.com\/wordpress\/segunda\/?p=57421"},"modified":"2017-06-15T11:17:52","modified_gmt":"2017-06-15T09:17:52","slug":"rafa-perez-renunciara-a-la-alcaldia-de-bunol-en-el-pleno-de-este-viernes-16-de-junio-para-que-sea-relevado-por-juncal-carrascosa","status":"publish","type":"post","link":"https:\/\/www.tucomarca.com\/wordpress\/segunda\/rafa-perez-renunciara-a-la-alcaldia-de-bunol-en-el-pleno-de-este-viernes-16-de-junio-para-que-sea-relevado-por-juncal-carrascosa\/","title":{"rendered":"Rafa P\u00e9rez (EU) renunciar\u00e1 a la alcald\u00eda de Bu\u00f1ol en el pleno de este viernes, 16 de junio, para que sea relevado por Juncal Carrascosa (PSOE)"},"content":{"rendered":"<figure id=\"attachment_50387\" aria-describedby=\"caption-attachment-50387\" style=\"width: 278px\" class=\"wp-caption alignleft\"><a href=\"https:\/\/www.tucomarca.com\/wordpress\/segunda\/wp-content\/uploads\/2016\/10\/RafaPerez.jpg\"><img loading=\"lazy\" decoding=\"async\" class=\" wp-image-50387\" src=\"https:\/\/www.tucomarca.com\/wordpress\/segunda\/wp-content\/uploads\/2016\/10\/RafaPerez.jpg\" alt=\"El alcalde de Bu\u00f1ol, Rafa P\u00e9rez (EU).\" width=\"278\" height=\"280\" srcset=\"https:\/\/www.tucomarca.com\/wordpress\/segunda\/wp-content\/uploads\/2016\/10\/RafaPerez.jpg 600w, https:\/\/www.tucomarca.com\/wordpress\/segunda\/wp-content\/uploads\/2016\/10\/RafaPerez-298x300.jpg 298w, https:\/\/www.tucomarca.com\/wordpress\/segunda\/wp-content\/uploads\/2016\/10\/RafaPerez-50x50.jpg 50w\" sizes=\"auto, (max-width: 278px) 100vw, 278px\" \/><\/a><figcaption id=\"caption-attachment-50387\" class=\"wp-caption-text\">El alcalde de Bu\u00f1ol, Rafa P\u00e9rez (EU).<\/figcaption><\/figure>\n<p>Tal como ha informado el ex alcalde de Bu\u00f1ol, Chimo Masmano, este viernes a las 19,30 horas\u00a0se celebrar\u00e1 el pleno municipal donde el actual alcalde, Rafa P\u00e9rez (Esquerra Unida), renunciar\u00e1 a la alcald\u00eda para que en otro pr\u00f3ximo pleno el cargo lo ocupe\u00a0Juncal Carrascosa (PSOE).<\/p>\n<p>\u00abAunque Rafa P\u00e9rez continuar\u00e1 c\u00f3mo concejal de Obras y Urbanismo, adem\u00e1s de Tomatina, \u00e1reas que llevaba actualmente, es importante que asistamos al pleno en reconocimiento al buen trabajo realizado estos dos a\u00f1os como alcalde, testimoniando adem\u00e1s la seriedad de Izquierda Unida de Bu\u00f1ol cumpliendo sus compromiso de compartir la alcald\u00eda con el Partido Socialista a pesar de haber sido el partido de la izquierda m\u00e1s votado\u00bb, tal como ha informado el ex alcalde.<\/p>\n","protected":false},"excerpt":{"rendered":"<div class=\"mh-excerpt\">Tal como ha informado el ex alcalde de Bu\u00f1ol, Chimo Masmano, este viernes a las 19,30 horas\u00a0se celebrar\u00e1 el pleno municipal donde el actual alcalde, Rafa P\u00e9rez (Esquerra Unida), renunciar\u00e1 a la alcald\u00eda para que <a class=\"mh-excerpt-more\" href=\"https:\/\/www.tucomarca.com\/wordpress\/segunda\/rafa-perez-renunciara-a-la-alcaldia-de-bunol-en-el-pleno-de-este-viernes-16-de-junio-para-que-sea-relevado-por-juncal-carrascosa\/\" title=\"Rafa P\u00e9rez (EU) renunciar\u00e1 a la alcald\u00eda de Bu\u00f1ol en el pleno de este viernes, 16 de junio, para que sea relevado por Juncal Carrascosa (PSOE)\">[+] <\/a><\/div>\n","protected":false},"author":1,"featured_media":37143,"comment_status":"open","ping_status":"open","sticky":false,"template":"","format":"standard","meta":{"footnotes":""},"categories":[18,8,10,142,3,45],"tags":[5952],"class_list":{"0":"post-57421","1":"post","2":"type-post","3":"status-publish","4":"format-standard","5":"has-post-thumbnail","7":"category-bunol","8":"category-la-comarca","9":"category-la-hoya","10":"category-politica-la-comarca","11":"category-seccion","12":"category-ventana","13":"tag-la-hoya-de-bunol-chiva"},"_links":{"self":[{"href":"https:\/\/www.tucomarca.com\/wordpress\/segunda\/wp-json\/wp\/v2\/posts\/57421","targetHints":{"allow":["GET"]}}],"collection":[{"href":"https:\/\/www.tucomarca.com\/wordpress\/segunda\/wp-json\/wp\/v2\/posts"}],"about":[{"href":"https:\/\/www.tucomarca.com\/wordpress\/segunda\/wp-json\/wp\/v2\/types\/post"}],"author":[{"embeddable":true,"href":"https:\/\/www.tucomarca.com\/wordpress\/segunda\/wp-json\/wp\/v2\/users\/1"}],"replies":[{"embeddable":true,"href":"https:\/\/www.tucomarca.com\/wordpress\/segunda\/wp-json\/wp\/v2\/comments?post=57421"}],"version-history":[{"count":0,"href":"https:\/\/www.tucomarca.com\/wordpress\/segunda\/wp-json\/wp\/v2\/posts\/57421\/revisions"}],"wp:featuredmedia":[{"embeddable":true,"href":"https:\/\/www.tucomarca.com\/wordpress\/segunda\/wp-json\/wp\/v2\/media\/37143"}],"wp:attachment":[{"href":"https:\/\/www.tucomarca.com\/wordpress\/segunda\/wp-json\/wp\/v2\/media?parent=57421"}],"wp:term":[{"taxonomy":"category","embeddable":true,"href":"https:\/\/www.tucomarca.com\/wordpress\/segunda\/wp-json\/wp\/v2\/categories?post=57421"},{"taxonomy":"post_tag","embeddable":true,"href":"https:\/\/www.tucomarca.com\/wordpress\/segunda\/wp-json\/wp\/v2\/tags?post=57421"}],"curies":[{"name":"wp","href":"https:\/\/api.w.org\/{rel}","templated":true}]}}