{"id":57625,"date":"2017-06-23T16:21:27","date_gmt":"2017-06-23T14:21:27","guid":{"rendered":"http:\/\/www.tucomarca.com\/wordpress\/segunda\/?p=57625"},"modified":"2017-06-23T16:21:27","modified_gmt":"2017-06-23T14:21:27","slug":"betoret-pp-denuncia-que-500-alumnos-y-40-000-vecinos-sufren-la-inaccion-inversora-del-consell-en-sanidad-y-educacion-en-la-hoya","status":"publish","type":"post","link":"https:\/\/www.tucomarca.com\/wordpress\/segunda\/betoret-pp-denuncia-que-500-alumnos-y-40-000-vecinos-sufren-la-inaccion-inversora-del-consell-en-sanidad-y-educacion-en-la-hoya\/","title":{"rendered":"Betoret (PP) denuncia que 500 alumnos y 40.000 vecinos \u00absufren la inacci\u00f3n inversora del Consell en Sanidad y Educaci\u00f3n en La Hoya\u00bb"},"content":{"rendered":"<p>El Presidente del Partido Popular de la provincia de Valencia, Vicente Betoret,\u00a0ha denunciado \u00abque m\u00e1s de 500 alumnos y 40.000 vecinos de La Hoya de Bu\u00f1ol-Chiva se est\u00e1n viendo afectados por los recortes inversores y el bloqueo en infraestructuras b\u00e1sicas del Consell\u00bb.<\/p>\n<p>Betoret se ha manifestados en estos t\u00e9rminos tras hacer balance de los dos a\u00f1os de gesti\u00f3n del Consell en La Hoya de Bu\u00f1ol-Chiva, donde el \u201cGobierno del Tit\u00e1nic\u201d, seg\u00fan ha dicho, \u00abparaliza actuaciones en dos colegios, la construcci\u00f3n del nuevo Centro de Especialidades que dar\u00e1 cobertura a toda la comarca, la nueva EDAR de Cheste o el segundo cintur\u00f3n de Tabernes de la Valldigna-Lliria (CV-50)\u00bb.<\/p>\n<p>As\u00ed, el presidente provincial del PP ha denunciado que la comarca de La Hoya de Bu\u00f1ol-Chiva est\u00e1 \u201cen el furg\u00f3n de cola de las prioridades de la Generalitat\u201d por lo que\u00a0ha reclamado una inversi\u00f3n 20 millones de euros para \u00abrevitalizar la comarca\u00a0y construir colegios, institutos, centros de salud, depuradoras, invertir en carreteras como el desdoblamiento de la 378, impulsar un plan de activaci\u00f3n de pol\u00edgonos industriales e inversiones en prevenci\u00f3n de incendios fundamental en esta comarca\u201d.<\/p>\n<p>Al respecto ha indicado que esta comarca \u201cest\u00e1 preparada para crecer y crear nuevas oportunidades\u201d pero sufre \u201cel apag\u00f3n inversor del Consell\u201d por lo que ha se\u00f1alado que \u201cel municipalismo de la Generalitat no pasa del papel\u201d y muchas comarcas valencianas \u201clanguidecen por su apat\u00eda inversora\u201d.<\/p>\n<p>En este sentido, ha reclamado al Consell que \u201cdesbloquee el futuro de La Hoya de Bu\u00f1ol-Chiva y comience a ejecutar las inversiones ya que, el presupuesto ejecutadas por el Consell en 2016 no llegaron al 50%, la m\u00e1s baja que se recuerda\u00bb. Es decir, \u201ceste Consell deriva a otros fines uno de cada dos euros que tiene para invertir en las comarcas valencianas\u201d.<\/p>\n<p>As\u00ed, la Generalitat en el cap\u00edtulo de inversiones en 2015 ejecut\u00f3 solo 341 millones de los 613 millones presupuestados. En 2016 a\u00fan menos, solo ejecut\u00f3 el 51%, cinco puntos menos que el a\u00f1o anterior. De los 570 millones de inversi\u00f3n directa, solo ejecut\u00f3 292,8 millones de euros, seg\u00fan los populares.<\/p>\n","protected":false},"excerpt":{"rendered":"<div class=\"mh-excerpt\">El Presidente del Partido Popular de la provincia de Valencia, Vicente Betoret,\u00a0ha denunciado \u00abque m\u00e1s de 500 alumnos y 40.000 vecinos de La Hoya de Bu\u00f1ol-Chiva se est\u00e1n viendo afectados por los recortes inversores y <a class=\"mh-excerpt-more\" href=\"https:\/\/www.tucomarca.com\/wordpress\/segunda\/betoret-pp-denuncia-que-500-alumnos-y-40-000-vecinos-sufren-la-inaccion-inversora-del-consell-en-sanidad-y-educacion-en-la-hoya\/\" title=\"Betoret (PP) denuncia que 500 alumnos y 40.000 vecinos \u00absufren la inacci\u00f3n inversora del Consell en Sanidad y Educaci\u00f3n en La Hoya\u00bb\">[+] <\/a><\/div>\n","protected":false},"author":1,"featured_media":56662,"comment_status":"open","ping_status":"open","sticky":false,"template":"","format":"standard","meta":{"footnotes":""},"categories":[18,128,8,72,10,142,3],"tags":[5952,63],"class_list":{"0":"post-57625","1":"post","2":"type-post","3":"status-publish","4":"format-standard","5":"has-post-thumbnail","7":"category-bunol","8":"category-infraestructuras","9":"category-la-comarca","10":"category-sin-categorizar","11":"category-la-hoya","12":"category-politica-la-comarca","13":"category-seccion","14":"tag-la-hoya-de-bunol-chiva","15":"tag-pp"},"_links":{"self":[{"href":"https:\/\/www.tucomarca.com\/wordpress\/segunda\/wp-json\/wp\/v2\/posts\/57625","targetHints":{"allow":["GET"]}}],"collection":[{"href":"https:\/\/www.tucomarca.com\/wordpress\/segunda\/wp-json\/wp\/v2\/posts"}],"about":[{"href":"https:\/\/www.tucomarca.com\/wordpress\/segunda\/wp-json\/wp\/v2\/types\/post"}],"author":[{"embeddable":true,"href":"https:\/\/www.tucomarca.com\/wordpress\/segunda\/wp-json\/wp\/v2\/users\/1"}],"replies":[{"embeddable":true,"href":"https:\/\/www.tucomarca.com\/wordpress\/segunda\/wp-json\/wp\/v2\/comments?post=57625"}],"version-history":[{"count":0,"href":"https:\/\/www.tucomarca.com\/wordpress\/segunda\/wp-json\/wp\/v2\/posts\/57625\/revisions"}],"wp:featuredmedia":[{"embeddable":true,"href":"https:\/\/www.tucomarca.com\/wordpress\/segunda\/wp-json\/wp\/v2\/media\/56662"}],"wp:attachment":[{"href":"https:\/\/www.tucomarca.com\/wordpress\/segunda\/wp-json\/wp\/v2\/media?parent=57625"}],"wp:term":[{"taxonomy":"category","embeddable":true,"href":"https:\/\/www.tucomarca.com\/wordpress\/segunda\/wp-json\/wp\/v2\/categories?post=57625"},{"taxonomy":"post_tag","embeddable":true,"href":"https:\/\/www.tucomarca.com\/wordpress\/segunda\/wp-json\/wp\/v2\/tags?post=57625"}],"curies":[{"name":"wp","href":"https:\/\/api.w.org\/{rel}","templated":true}]}}