{"id":57644,"date":"2017-06-23T16:16:50","date_gmt":"2017-06-23T14:16:50","guid":{"rendered":"http:\/\/www.tucomarca.com\/wordpress\/segunda\/?p=57644"},"modified":"2017-06-23T16:16:50","modified_gmt":"2017-06-23T14:16:50","slug":"bunol-celebra-un-ano-mas-la-noche-de-san-juan-donde-proclama-a-la-reina-de-la-feria-y-fiestas-2017","status":"publish","type":"post","link":"https:\/\/www.tucomarca.com\/wordpress\/segunda\/bunol-celebra-un-ano-mas-la-noche-de-san-juan-donde-proclama-a-la-reina-de-la-feria-y-fiestas-2017\/","title":{"rendered":"Bu\u00f1ol celebra un a\u00f1o m\u00e1s la Noche de San Juan donde proclama a la Reina de la Feria y Fiestas 2017"},"content":{"rendered":"<figure id=\"attachment_56180\" aria-describedby=\"caption-attachment-56180\" style=\"width: 289px\" class=\"wp-caption alignleft\"><a href=\"https:\/\/www.tucomarca.com\/wordpress\/segunda\/wp-content\/uploads\/2017\/04\/reina_fiestas17.jpg\"><img loading=\"lazy\" decoding=\"async\" class=\" wp-image-56180\" src=\"https:\/\/www.tucomarca.com\/wordpress\/segunda\/wp-content\/uploads\/2017\/04\/reina_fiestas17.jpg\" alt=\"Sara es la nueva Reina de la Feria y Fiestas de Bu\u00f1ol 2017.\" width=\"289\" height=\"313\" srcset=\"https:\/\/www.tucomarca.com\/wordpress\/segunda\/wp-content\/uploads\/2017\/04\/reina_fiestas17.jpg 709w, https:\/\/www.tucomarca.com\/wordpress\/segunda\/wp-content\/uploads\/2017\/04\/reina_fiestas17-277x300.jpg 277w\" sizes=\"auto, (max-width: 289px) 100vw, 289px\" \/><\/a><figcaption id=\"caption-attachment-56180\" class=\"wp-caption-text\">Sara es la nueva Reina de la Feria y Fiestas de Bu\u00f1ol 2017.<\/figcaption><\/figure>\n<p>El Ayuntamiento de Bu\u00f1ol, la Concejal\u00eda de Feria y Fiestas, la Comisi\u00f3n de Festejos y la Asociaci\u00f3n de Empresarios y Aut\u00f3nomos de Bu\u00f1ol, ya lo tienen todo preparado para la m\u00e1gica Verbena de San Juan de esta noche en el Parque de Borrunes. La Alcaldesa en Funciones, Juncal Carrascosa Alonso, acompa\u00f1ada de la Reina de la Feria y Fiestas 2016, Mireia Pastor Lorente, dar\u00e1n la bienvenida en el escenario a la futura reina, Sara Palmer Estada.<\/p>\n<p>Tras la lectura del acta de elecci\u00f3n de la reina por parte de la alcaldesa en funciones y concejal de Fiestas, Juncal Carrascosa, la proclamada Reina recibir\u00e1 en el escenario a su Corte de Honor. Son: Mar\u00eda Jos\u00e9 Ferrer Hern\u00e1ndez, de la Asociaci\u00f3n de Hateros de Bu\u00f1ol, Estrella Tamo, del Club Deportivo Bu\u00f1ol, Mariv\u00ed Perpi\u00f1\u00e1n Grau, de la Comisi\u00f3n de San Crist\u00f3bal, Eli Gallego Robledo, de la Falla Bu\u00f1ol-Pueblo, Carmen Patricio Tello Rodr\u00edguez, de la Falla Nuevo Bu\u00f1ol, Isabel Guillam\u00f3n P\u00e9rez, de la Falla Ventas, Silvia S\u00e1ez Espert, de la Falla Reyes Cat\u00f3licos, Nuria Barbancho Ram\u00edrez, de la Falla El Prado, Alexandra Juanes Bened\u00e9, del CIM La Arm\u00f3nica, Nuria Garc\u00eda Lamb\u00edes, de la SM La Art\u00edstica, y Mar\u00eda Jos\u00e9 Pareja Chac\u00f3n, de la Comisi\u00f3n de Fiestas. \u00c9sta \u00faltima no podr\u00e1 asistir a su nombramiento por motivos laborales esta noche.<\/p>\n<p>Tras la proclamaci\u00f3n de la futura Reina de las Fiestas y su Corte de Honor, continuar\u00e1 la verbena con la entrega de premios importantes que desde la Asociaci\u00f3n de Empresarios y Aut\u00f3nomos de Bu\u00f1ol organizan cada a\u00f1o. Un sorteo muy esperado en el que todos los comercios asociados durante varios d\u00edas ofrec\u00edan a sus clientes con unos n\u00fameros, que si finalmente son premiados, podr\u00e1n obtener suculentos regalos. Mientras tanto una excelente orquesta continuar\u00e1 amenizando a vecinos, familiares y amigos de las grandes protagonistas de la jornada en el Parque de Borrunes.<\/p>\n","protected":false},"excerpt":{"rendered":"<div class=\"mh-excerpt\">El Ayuntamiento de Bu\u00f1ol, la Concejal\u00eda de Feria y Fiestas, la Comisi\u00f3n de Festejos y la Asociaci\u00f3n de Empresarios y Aut\u00f3nomos de Bu\u00f1ol, ya lo tienen todo preparado para la m\u00e1gica Verbena de San Juan <a class=\"mh-excerpt-more\" href=\"https:\/\/www.tucomarca.com\/wordpress\/segunda\/bunol-celebra-un-ano-mas-la-noche-de-san-juan-donde-proclama-a-la-reina-de-la-feria-y-fiestas-2017\/\" title=\"Bu\u00f1ol celebra un a\u00f1o m\u00e1s la Noche de San Juan donde proclama a la Reina de la Feria y Fiestas 2017\">[+] <\/a><\/div>\n","protected":false},"author":1,"featured_media":56180,"comment_status":"open","ping_status":"open","sticky":false,"template":"","format":"standard","meta":{"footnotes":""},"categories":[4,18,10,5,383,3],"tags":[5952],"class_list":{"0":"post-57644","1":"post","2":"type-post","3":"status-publish","4":"format-standard","5":"has-post-thumbnail","7":"category-agenda","8":"category-bunol","9":"category-la-hoya","10":"category-la-semana-en-imagenes","11":"category-pueblos-en-fiestas","12":"category-seccion","13":"tag-la-hoya-de-bunol-chiva"},"_links":{"self":[{"href":"https:\/\/www.tucomarca.com\/wordpress\/segunda\/wp-json\/wp\/v2\/posts\/57644","targetHints":{"allow":["GET"]}}],"collection":[{"href":"https:\/\/www.tucomarca.com\/wordpress\/segunda\/wp-json\/wp\/v2\/posts"}],"about":[{"href":"https:\/\/www.tucomarca.com\/wordpress\/segunda\/wp-json\/wp\/v2\/types\/post"}],"author":[{"embeddable":true,"href":"https:\/\/www.tucomarca.com\/wordpress\/segunda\/wp-json\/wp\/v2\/users\/1"}],"replies":[{"embeddable":true,"href":"https:\/\/www.tucomarca.com\/wordpress\/segunda\/wp-json\/wp\/v2\/comments?post=57644"}],"version-history":[{"count":0,"href":"https:\/\/www.tucomarca.com\/wordpress\/segunda\/wp-json\/wp\/v2\/posts\/57644\/revisions"}],"wp:featuredmedia":[{"embeddable":true,"href":"https:\/\/www.tucomarca.com\/wordpress\/segunda\/wp-json\/wp\/v2\/media\/56180"}],"wp:attachment":[{"href":"https:\/\/www.tucomarca.com\/wordpress\/segunda\/wp-json\/wp\/v2\/media?parent=57644"}],"wp:term":[{"taxonomy":"category","embeddable":true,"href":"https:\/\/www.tucomarca.com\/wordpress\/segunda\/wp-json\/wp\/v2\/categories?post=57644"},{"taxonomy":"post_tag","embeddable":true,"href":"https:\/\/www.tucomarca.com\/wordpress\/segunda\/wp-json\/wp\/v2\/tags?post=57644"}],"curies":[{"name":"wp","href":"https:\/\/api.w.org\/{rel}","templated":true}]}}